{"id":9096,"date":"2022-08-04T15:09:19","date_gmt":"2022-08-04T20:09:19","guid":{"rendered":"https:\/\/ymcacolombia.org\/?p=9096"},"modified":"2022-09-07T15:13:20","modified_gmt":"2022-09-07T20:13:20","slug":"ymca-colombia-convencion-nacional-2022","status":"publish","type":"post","link":"https:\/\/ymcacolombia.org\/en\/ymca-colombia-convencion-nacional-2022\/","title":{"rendered":"Convenci\u00f3n Nacional 2022: Abrazando la vida e inspirando oportunidades"},"content":{"rendered":"\t\t<div data-elementor-type=\"wp-post\" data-elementor-id=\"9096\" class=\"elementor elementor-9096\" data-elementor-post-type=\"post\">\n\t\t\t\t\t\t<section class=\"elementor-section elementor-top-section elementor-element elementor-element-86213a8 elementor-section-boxed elementor-section-height-default elementor-section-height-default\" data-id=\"86213a8\" data-element_type=\"section\" data-e-type=\"section\">\n\t\t\t\t\t\t<div class=\"elementor-container elementor-column-gap-default\">\n\t\t\t\t\t<div class=\"elementor-column elementor-col-100 elementor-top-column elementor-element elementor-element-a443bfc\" data-id=\"a443bfc\" data-element_type=\"column\" data-e-type=\"column\">\n\t\t\t<div class=\"elementor-widget-wrap elementor-element-populated\">\n\t\t\t\t\t\t<div class=\"elementor-element elementor-element-29e3301 elementor-widget elementor-widget-heading\" data-id=\"29e3301\" data-element_type=\"widget\" data-e-type=\"widget\" data-widget_type=\"heading.default\">\n\t\t\t\t<div class=\"elementor-widget-container\">\n\t\t\t\t\t<h2 class=\"elementor-heading-title elementor-size-default\">Convenci\u00f3n Nacional 2022: Abrazando la vida e inspirando oportunidades<\/h2>\t\t\t\t<\/div>\n\t\t\t\t<\/div>\n\t\t\t\t\t<\/div>\n\t\t<\/div>\n\t\t\t\t\t<\/div>\n\t\t<\/section>\n\t\t\t\t<section class=\"elementor-section elementor-top-section elementor-element elementor-element-b1abb3a elementor-section-boxed elementor-section-height-default elementor-section-height-default\" data-id=\"b1abb3a\" data-element_type=\"section\" data-e-type=\"section\">\n\t\t\t\t\t\t<div class=\"elementor-container elementor-column-gap-default\">\n\t\t\t\t\t<div class=\"elementor-column elementor-col-100 elementor-top-column elementor-element elementor-element-482c888\" data-id=\"482c888\" data-element_type=\"column\" data-e-type=\"column\">\n\t\t\t<div class=\"elementor-widget-wrap elementor-element-populated\">\n\t\t\t\t\t\t<div class=\"elementor-element elementor-element-b648059 elementor-widget elementor-widget-image\" data-id=\"b648059\" data-element_type=\"widget\" data-e-type=\"widget\" data-widget_type=\"image.default\">\n\t\t\t\t<div class=\"elementor-widget-container\">\n\t\t\t\t\t\t\t\t\t\t\t\t\t\t\t<img fetchpriority=\"high\" decoding=\"async\" width=\"1024\" height=\"680\" src=\"https:\/\/ymcacolombia.org\/wp-content\/uploads\/2022\/08\/Convencion_Mesa-de-trabajo-1-1024x680.png\" class=\"attachment-large size-large wp-image-9098\" alt=\"\" srcset=\"https:\/\/ymcacolombia.org\/wp-content\/uploads\/2022\/08\/Convencion_Mesa-de-trabajo-1-1024x680.png 1024w, https:\/\/ymcacolombia.org\/wp-content\/uploads\/2022\/08\/Convencion_Mesa-de-trabajo-1-300x199.png 300w, https:\/\/ymcacolombia.org\/wp-content\/uploads\/2022\/08\/Convencion_Mesa-de-trabajo-1-768x510.png 768w, https:\/\/ymcacolombia.org\/wp-content\/uploads\/2022\/08\/Convencion_Mesa-de-trabajo-1-1536x1019.png 1536w, https:\/\/ymcacolombia.org\/wp-content\/uploads\/2022\/08\/Convencion_Mesa-de-trabajo-1-2048x1359.png 2048w\" sizes=\"(max-width: 1024px) 100vw, 1024px\" \/>\t\t\t\t\t\t\t\t\t\t\t\t\t\t\t<\/div>\n\t\t\t\t<\/div>\n\t\t\t\t\t<\/div>\n\t\t<\/div>\n\t\t\t\t\t<\/div>\n\t\t<\/section>\n\t\t\t\t<section class=\"elementor-section elementor-top-section elementor-element elementor-element-f52cb15 elementor-section-boxed elementor-section-height-default elementor-section-height-default\" data-id=\"f52cb15\" data-element_type=\"section\" data-e-type=\"section\">\n\t\t\t\t\t\t<div class=\"elementor-container elementor-column-gap-default\">\n\t\t\t\t\t<div class=\"elementor-column elementor-col-100 elementor-top-column elementor-element elementor-element-1c33723\" data-id=\"1c33723\" data-element_type=\"column\" data-e-type=\"column\">\n\t\t\t<div class=\"elementor-widget-wrap elementor-element-populated\">\n\t\t\t\t\t\t<div class=\"elementor-element elementor-element-290bfd8 elementor-widget elementor-widget-text-editor\" data-id=\"290bfd8\" data-element_type=\"widget\" data-e-type=\"widget\" data-widget_type=\"text-editor.default\">\n\t\t\t\t<div class=\"elementor-widget-container\">\n\t\t\t\t\t\t\t\t\t<p><strong>La<\/strong><span style=\"font-weight: 400;\"><strong> Convenci\u00f3n Nacional<\/strong> 2022 de la <strong>YMCA<\/strong> se llev\u00f3 a cabo los d\u00edas 3,4 y 5 de junio en la ciudad\u00a0 de Ibagu\u00e9, esta vez con el objetivo de <\/span><b>abrazar la vida <\/b><span style=\"font-weight: 400;\">y de volver a sentir que<\/span><b> somos UNO como comunidad<\/b><span style=\"font-weight: 400;\">.<\/span><\/p><p><span style=\"font-weight: 400;\">Reinventarse. Esa fue la palabra m\u00e1s utilizada durante la pandemia; una palabra que llev\u00f3 a que muchas personas cambiaran algunas din\u00e1micas de su d\u00eda a\u00a0 d\u00eda. Sin embargo, la pandemia tambi\u00e9n nos ense\u00f1\u00f3 que esa palabra no necesariamente ten\u00eda que cambiar la esencia de la mayor\u00eda de costumbres que hemos tenido a lo largo de la vida.<\/span><\/p><p><span style=\"font-weight: 400;\">Por ejemplo, el c\u00f3mo se dan las relaciones interpersonales. Si bien tomaron fuerzas plataformas como Zoom, Meet o Teams, nos qued\u00f3 claro que nada se compara a un abrazo genuino y a la oportunidad de mirar a alguien directamente a los ojos, justo en frente de ti.<\/span><\/p>\t\t\t\t\t\t\t\t<\/div>\n\t\t\t\t<\/div>\n\t\t\t\t\t<\/div>\n\t\t<\/div>\n\t\t\t\t\t<\/div>\n\t\t<\/section>\n\t\t\t\t<section class=\"elementor-section elementor-top-section elementor-element elementor-element-410573c elementor-section-boxed elementor-section-height-default elementor-section-height-default\" data-id=\"410573c\" data-element_type=\"section\" data-e-type=\"section\">\n\t\t\t\t\t\t<div class=\"elementor-container elementor-column-gap-default\">\n\t\t\t\t\t<div class=\"elementor-column elementor-col-50 elementor-top-column elementor-element elementor-element-5a57813\" data-id=\"5a57813\" data-element_type=\"column\" data-e-type=\"column\">\n\t\t\t<div class=\"elementor-widget-wrap elementor-element-populated\">\n\t\t\t\t\t\t<div class=\"elementor-element elementor-element-d73ffdd elementor-widget elementor-widget-text-editor\" data-id=\"d73ffdd\" data-element_type=\"widget\" data-e-type=\"widget\" data-widget_type=\"text-editor.default\">\n\t\t\t\t<div class=\"elementor-widget-container\">\n\t\t\t\t\t\t\t\t\t<p><span style=\"font-weight: 400;\"><span style=\"vertical-align: inherit;\"><span style=\"vertical-align: inherit;\"><span style=\"vertical-align: inherit;\"><span style=\"vertical-align: inherit;\"><span style=\"vertical-align: inherit;\"><span style=\"vertical-align: inherit;\">Es por eso que la <\/span><\/span><\/span><\/span><\/span><\/span><\/span><b><span style=\"vertical-align: inherit;\"><span style=\"vertical-align: inherit;\"><span style=\"vertical-align: inherit;\"><span style=\"vertical-align: inherit;\"><span style=\"vertical-align: inherit;\"><span style=\"vertical-align: inherit;\">Convenci\u00f3n Nacional 2022 <\/span><\/span><\/span><\/span><\/span><\/span><\/b><span style=\"font-weight: 400;\"><span style=\"vertical-align: inherit;\"><span style=\"vertical-align: inherit;\"><span style=\"vertical-align: inherit;\"><span style=\"vertical-align: inherit;\"><span style=\"vertical-align: inherit;\"><span style=\"vertical-align: inherit;\">se vivi\u00f3 con el coraz\u00f3n, despu\u00e9s de tanto tiempo en el que <\/span><\/span><\/span><\/span><\/span><\/span><\/span><span style=\"font-weight: 400;\"><span style=\"vertical-align: inherit;\"><span style=\"vertical-align: inherit;\"><span style=\"vertical-align: inherit;\"><span style=\"vertical-align: inherit;\"><span style=\"vertical-align: inherit;\"><span style=\"vertical-align: inherit;\">coordinadores de procesos, directores locales, empleados, socios b\u00e1sicos, <\/span><\/span><\/span><\/span><\/span><\/span><\/span><a href=\"https:\/\/ymcacolombia.org\/se-voluntario-ymca\/\"><b><span style=\"vertical-align: inherit;\"><span style=\"vertical-align: inherit;\"><span style=\"vertical-align: inherit;\"><span style=\"vertical-align: inherit;\"><span style=\"vertical-align: inherit;\"><span style=\"vertical-align: inherit;\">voluntarios<\/span><\/span><\/span><\/span><\/span><\/span><\/b><\/a> <span style=\"font-weight: 400;\"><span style=\"vertical-align: inherit;\"><span style=\"vertical-align: inherit;\"><span style=\"vertical-align: inherit;\"><span style=\"vertical-align: inherit;\"><span style=\"vertical-align: inherit;\"><span style=\"vertical-align: inherit;\">y colaboradores se vieron en la tarea de seguir fortaleciendo sus lazos a trav\u00e9s de la virtualidad.\u00a0<\/span><\/span><\/span><\/span><\/span><\/span><\/span><\/p><p><span style=\"font-weight: 400;\"><span style=\"vertical-align: inherit;\"><span style=\"vertical-align: inherit;\"><span style=\"vertical-align: inherit;\"><span style=\"vertical-align: inherit;\"><span style=\"vertical-align: inherit;\"><span style=\"vertical-align: inherit;\">Este a\u00f1o fue la oportunidad para volver a sentir la <\/span><\/span><\/span><\/span><\/span><\/span><\/span><b><span style=\"vertical-align: inherit;\"><span style=\"vertical-align: inherit;\"><span style=\"vertical-align: inherit;\"><span style=\"vertical-align: inherit;\"><span style=\"vertical-align: inherit;\"><span style=\"vertical-align: inherit;\">fraternidad<\/span><\/span><\/span><\/span><\/span><\/span><\/b><span style=\"font-weight: 400;\"><span style=\"vertical-align: inherit;\"><span style=\"vertical-align: inherit;\"><span style=\"vertical-align: inherit;\"><span style=\"vertical-align: inherit;\"><span style=\"vertical-align: inherit;\"><span style=\"vertical-align: inherit;\"> que caracteriza a la <\/span><\/span><\/span><\/span><\/span><\/span><\/span><a href=\"https:\/\/ymcacolombia.org\/\"><b><span style=\"vertical-align: inherit;\"><span style=\"vertical-align: inherit;\"><span style=\"vertical-align: inherit;\"><span style=\"vertical-align: inherit;\"><span style=\"vertical-align: inherit;\"><span style=\"vertical-align: inherit;\">YMCA<\/span><\/span><\/span><\/span><\/span><\/span><\/b><\/a><span style=\"font-weight: 400;\"><span style=\"vertical-align: inherit;\"><span style=\"vertical-align: inherit;\"><span style=\"vertical-align: inherit;\"><span style=\"vertical-align: inherit;\"><span style=\"vertical-align: inherit;\"><span style=\"vertical-align: inherit;\">, volver a sentir que somos una comunidad, la magia de pertenecer a esta familia y que\u00a0 siempre nos har\u00e1 sentir que<\/span><\/span><\/span><\/span><\/span><\/span><\/span><b><span style=\"vertical-align: inherit;\"><span style=\"vertical-align: inherit;\"><span style=\"vertical-align: inherit;\"><span style=\"vertical-align: inherit;\"><span style=\"vertical-align: inherit;\"><span style=\"vertical-align: inherit;\"> somos uno,<\/span><\/span><\/span><\/span><\/span><\/span><\/b><span style=\"font-weight: 400;\"><span style=\"vertical-align: inherit;\"><span style=\"vertical-align: inherit;\"><span style=\"vertical-align: inherit;\"><span style=\"vertical-align: inherit;\"><span style=\"vertical-align: inherit;\"><span style=\"vertical-align: inherit;\"> como movimiento es importante la toma de decisiones para la mejora, es por eso que <\/span><\/span><\/span><\/span><\/span><\/span><\/span><span style=\"font-weight: 400;\"><span style=\"vertical-align: inherit;\"><span style=\"vertical-align: inherit;\"><span style=\"vertical-align: inherit;\"><span style=\"vertical-align: inherit;\"><span style=\"vertical-align: inherit;\"><span style=\"vertical-align: inherit;\">este encuentro,\u00a0 tambi\u00e9n tiene como fin elegir quienes conformar\u00e1n la nueva Junta Nacional de la Federaci\u00f3n de la YMCA Colombia, organo importante que vela por el movimiento y que qued\u00f3 conformado de la\u00a0 siguiente manera:<\/span><\/span><\/span><\/span><\/span><\/span><\/span><\/p><p><strong><span style=\"vertical-align: inherit;\"><span style=\"vertical-align: inherit;\"><span style=\"vertical-align: inherit;\"><span style=\"vertical-align: inherit;\">Presidente:\u00a0<\/span><\/span><\/span><\/span><span style=\"font-size: 15px; color: var( --e-global-color-text );\"><span style=\"vertical-align: inherit;\"><span style=\"vertical-align: inherit;\"><span style=\"vertical-align: inherit;\"><span style=\"vertical-align: inherit;\">Carlos Andr\u00e9s Reyes (YMCA Risaralda),\u00a0<\/span><\/span><\/span><\/span><\/span><span style=\"vertical-align: inherit;\"><span style=\"vertical-align: inherit;\"><span style=\"vertical-align: inherit;\"><span style=\"vertical-align: inherit;\">Vicepresidente:\u00a0<\/span><\/span><\/span><\/span><span style=\"font-size: 15px; color: var( --e-global-color-text );\"><span style=\"vertical-align: inherit;\"><span style=\"vertical-align: inherit;\"><span style=\"vertical-align: inherit;\"><span style=\"vertical-align: inherit;\">Sandra Arango (YMCA Medell\u00edn),<\/span><\/span><\/span><\/span><\/span><span style=\"vertical-align: inherit;\"><span style=\"vertical-align: inherit;\"><span style=\"vertical-align: inherit;\"><span style=\"vertical-align: inherit;\">Tesorero:\u00a0<\/span><\/span><\/span><\/span><span style=\"font-size: 15px; color: var( --e-global-color-text );\"><span style=\"vertical-align: inherit;\"><span style=\"vertical-align: inherit;\"><span style=\"vertical-align: inherit;\"><span style=\"vertical-align: inherit;\">Camilo Torres (YMCA Puerto Boyac\u00e1),\u00a0<\/span><\/span><\/span><\/span><\/span><span style=\"vertical-align: inherit;\"><span style=\"vertical-align: inherit;\"><span style=\"vertical-align: inherit;\"><span style=\"vertical-align: inherit;\">Secretaria:<\/span><\/span><\/span><\/span><span style=\"font-size: 15px; color: var( --e-global-color-text );\"><span style=\"vertical-align: inherit;\"><span style=\"vertical-align: inherit;\"><span style=\"vertical-align: inherit;\"><span style=\"vertical-align: inherit;\">Luz Stephanie D\u00edaz (YMCA Bogot\u00e1),<\/span><\/span><\/span><\/span><\/span><span style=\"vertical-align: inherit;\"><span style=\"vertical-align: inherit;\"><span style=\"vertical-align: inherit;\"><span style=\"vertical-align: inherit;\">Vocal 1:\u00a0<\/span><\/span><\/span><\/span><span style=\"font-size: 15px; color: var( --e-global-color-text );\"><span style=\"vertical-align: inherit;\"><span style=\"vertical-align: inherit;\"><span style=\"vertical-align: inherit;\"><span style=\"vertical-align: inherit;\">Diana Sof\u00eda Sosa (YMCA Tolima)\u00a0<\/span><\/span><\/span><\/span><\/span><span style=\"vertical-align: inherit;\"><span style=\"vertical-align: inherit;\"><span style=\"vertical-align: inherit;\"><span style=\"vertical-align: inherit;\">Vocal 2:\u00a0<\/span><\/span><\/span><\/span><span style=\"font-size: 15px; color: var( --e-global-color-text );\"><span style=\"vertical-align: inherit;\"><span style=\"vertical-align: inherit;\"><span style=\"vertical-align: inherit;\"><span style=\"vertical-align: inherit;\">Andr\u00e9s Borrero (YMCA Cali)<\/span><\/span><\/span><\/span><\/span><\/strong><\/p><p><span style=\"font-weight: 400;\"><span style=\"vertical-align: inherit;\"><span style=\"vertical-align: inherit;\"><span style=\"vertical-align: inherit;\"><span style=\"vertical-align: inherit;\"><span style=\"vertical-align: inherit;\"><span style=\"vertical-align: inherit;\">Tambi\u00e9n compartir la inmensa alegr\u00eda de ver crecer una de las YMCAs, y con gran alegr\u00eda felicitamos a la <\/span><\/span><\/span><\/span><\/span><\/span><\/span><a href=\"https:\/\/www.ymcaquindio.org\/\"><b><span style=\"vertical-align: inherit;\"><span style=\"vertical-align: inherit;\"><span style=\"vertical-align: inherit;\"><span style=\"vertical-align: inherit;\"><span style=\"vertical-align: inherit;\"><span style=\"vertical-align: inherit;\">YMCA del Quind\u00edo <\/span><\/span><\/span><\/span><\/span><\/span><\/b><\/a><span style=\"font-weight: 400;\"><span style=\"vertical-align: inherit;\"><span style=\"vertical-align: inherit;\"><span style=\"vertical-align: inherit;\"><span style=\"vertical-align: inherit;\"><span style=\"vertical-align: inherit;\"><span style=\"vertical-align: inherit;\">quien entra a ser una YMCA h\u00e1bil.<\/span><\/span><\/span><\/span><\/span><\/span><\/span><\/p><p><b><span style=\"vertical-align: inherit;\"><span style=\"vertical-align: inherit;\"><span style=\"vertical-align: inherit;\"><span style=\"vertical-align: inherit;\"><span style=\"vertical-align: inherit;\"><span style=\"vertical-align: inherit;\">La magia de este reencuentro <\/span><\/span><\/span><\/span><\/span><\/span><\/b><span style=\"font-weight: 400;\"><span style=\"vertical-align: inherit;\"><span style=\"vertical-align: inherit;\"><span style=\"vertical-align: inherit;\"><span style=\"vertical-align: inherit;\"><span style=\"vertical-align: inherit;\"><span style=\"vertical-align: inherit;\">fue gracias a que m\u00e1s all\u00e1 de fortalecer lazos con el otro, se trat\u00f3 de \u201cabordar ese term\u00f3metro en el que cada miembro se encontraba\u201d, seg\u00fan lo explic\u00f3 Luisa Moreno, socia b\u00e1sica de la<\/span><\/span><\/span><\/span><\/span><\/span><\/span><a href=\"https:\/\/ymcabogota.org\/\"><b><span style=\"vertical-align: inherit;\"><span style=\"vertical-align: inherit;\"><span style=\"vertical-align: inherit;\"><span style=\"vertical-align: inherit;\"><span style=\"vertical-align: inherit;\"><span style=\"vertical-align: inherit;\"> YMCA de Bogot\u00e1<\/span><\/span><\/span><\/span><\/span><\/span><\/b><\/a><\/p>\t\t\t\t\t\t\t\t<\/div>\n\t\t\t\t<\/div>\n\t\t\t\t\t<\/div>\n\t\t<\/div>\n\t\t\t\t<div class=\"elementor-column elementor-col-50 elementor-top-column elementor-element elementor-element-7b2fdac\" data-id=\"7b2fdac\" data-element_type=\"column\" data-e-type=\"column\">\n\t\t\t<div class=\"elementor-widget-wrap elementor-element-populated\">\n\t\t\t\t\t\t<div class=\"elementor-element elementor-element-44e348c elementor-widget elementor-widget-image\" data-id=\"44e348c\" data-element_type=\"widget\" data-e-type=\"widget\" data-widget_type=\"image.default\">\n\t\t\t\t<div class=\"elementor-widget-container\">\n\t\t\t\t\t\t\t\t\t\t\t\t\t\t\t<img decoding=\"async\" width=\"1024\" height=\"683\" src=\"https:\/\/ymcacolombia.org\/wp-content\/uploads\/2022\/08\/1-1024x683.jpg\" class=\"attachment-large size-large wp-image-9102\" alt=\"\" srcset=\"https:\/\/ymcacolombia.org\/wp-content\/uploads\/2022\/08\/1-1024x683.jpg 1024w, https:\/\/ymcacolombia.org\/wp-content\/uploads\/2022\/08\/1-300x200.jpg 300w, https:\/\/ymcacolombia.org\/wp-content\/uploads\/2022\/08\/1-768x512.jpg 768w, https:\/\/ymcacolombia.org\/wp-content\/uploads\/2022\/08\/1-1536x1024.jpg 1536w, https:\/\/ymcacolombia.org\/wp-content\/uploads\/2022\/08\/1-2048x1365.jpg 2048w\" sizes=\"(max-width: 1024px) 100vw, 1024px\" \/>\t\t\t\t\t\t\t\t\t\t\t\t\t\t\t<\/div>\n\t\t\t\t<\/div>\n\t\t\t\t<div class=\"elementor-element elementor-element-2137375 elementor-widget elementor-widget-image\" data-id=\"2137375\" data-element_type=\"widget\" data-e-type=\"widget\" data-widget_type=\"image.default\">\n\t\t\t\t<div class=\"elementor-widget-container\">\n\t\t\t\t\t\t\t\t\t\t\t\t\t\t\t<img decoding=\"async\" width=\"1536\" height=\"1536\" src=\"https:\/\/ymcacolombia.org\/wp-content\/uploads\/2022\/08\/Convencion-2_Mesa-de-trabajo-1-1536x1536.png\" class=\"attachment-1536x1536 size-1536x1536 wp-image-9101\" alt=\"\" srcset=\"https:\/\/ymcacolombia.org\/wp-content\/uploads\/2022\/08\/Convencion-2_Mesa-de-trabajo-1-1536x1536.png 1536w, https:\/\/ymcacolombia.org\/wp-content\/uploads\/2022\/08\/Convencion-2_Mesa-de-trabajo-1-300x300.png 300w, https:\/\/ymcacolombia.org\/wp-content\/uploads\/2022\/08\/Convencion-2_Mesa-de-trabajo-1-1024x1024.png 1024w, https:\/\/ymcacolombia.org\/wp-content\/uploads\/2022\/08\/Convencion-2_Mesa-de-trabajo-1-150x150.png 150w, https:\/\/ymcacolombia.org\/wp-content\/uploads\/2022\/08\/Convencion-2_Mesa-de-trabajo-1-768x768.png 768w, https:\/\/ymcacolombia.org\/wp-content\/uploads\/2022\/08\/Convencion-2_Mesa-de-trabajo-1-2048x2048.png 2048w, https:\/\/ymcacolombia.org\/wp-content\/uploads\/2022\/08\/Convencion-2_Mesa-de-trabajo-1-250x250.png 250w\" sizes=\"(max-width: 1536px) 100vw, 1536px\" \/>\t\t\t\t\t\t\t\t\t\t\t\t\t\t\t<\/div>\n\t\t\t\t<\/div>\n\t\t\t\t\t<\/div>\n\t\t<\/div>\n\t\t\t\t\t<\/div>\n\t\t<\/section>\n\t\t\t\t<section class=\"elementor-section elementor-top-section elementor-element elementor-element-72d69e0 elementor-section-boxed elementor-section-height-default elementor-section-height-default\" data-id=\"72d69e0\" data-element_type=\"section\" data-e-type=\"section\">\n\t\t\t\t\t\t<div class=\"elementor-container elementor-column-gap-default\">\n\t\t\t\t\t<div class=\"elementor-column elementor-col-100 elementor-top-column elementor-element elementor-element-5e9eb73\" data-id=\"5e9eb73\" data-element_type=\"column\" data-e-type=\"column\">\n\t\t\t<div class=\"elementor-widget-wrap elementor-element-populated\">\n\t\t\t\t\t\t<div class=\"elementor-element elementor-element-b471693 elementor-widget elementor-widget-text-editor\" data-id=\"b471693\" data-element_type=\"widget\" data-e-type=\"widget\" data-widget_type=\"text-editor.default\">\n\t\t\t\t<div class=\"elementor-widget-container\">\n\t\t\t\t\t\t\t\t\t<p><span style=\"font-weight: 400;\">Lo cual result\u00f3 muy importante\u00a0 para <\/span><b>abrazar la vida<\/b><span style=\"font-weight: 400;\"> desde sus diferentes dimensiones: <\/span><b>mente, cuerpo y esp\u00edritu<\/b><span style=\"font-weight: 400;\">. Sobre todo, fue una oportunidad para darle una mirada a la salud mental, que resulta tan importante despu\u00e9s de momentos cruciales que hemos vivido como sociedad.\u00a0<\/span><\/p><p><span style=\"font-weight: 400;\">Definitivamente, esta convenci\u00f3n estuvo llena de mucha diversidad cultural y personal, ya que pod\u00edamos encontrarnos con adultos y j\u00f3venes voluntarios, pero, a pesar de esta diversidad, siempre se llegaba a un mismo prop\u00f3sito, tanto personal como colectivo: Dar un granito de arena. <\/span><span style=\"font-weight: 400;\">-Me gust\u00f3 mucho la presencia de los j\u00f3venes, eso da una muy buena lectura de lo que est\u00e1n haciendo las ACJs locales en la preparaci\u00f3n del voluntariado-, mencion\u00f3 Luisa Moreno.\u00a0<\/span><\/p><p><span style=\"font-weight: 400;\">Sin duda, esta participaci\u00f3n activa de cada miembro result\u00f3 importante para uno de los temas de la convenci\u00f3n, <\/span><b>la<\/b> <b>gobernanza<\/b><span style=\"font-weight: 400;\">, ya que permiti\u00f3 que cada joven y adulto se apropiara mucho m\u00e1s de todo el funcionamiento de la junta y dem\u00e1s entes de la YMCA. Seg\u00fan Luisa, la importancia de hablar sobre la gobernanza y otras din\u00e1micas es comprender que estamos en un lugar en el que hay un piso, pero no un techo, lo que significa que hay muchas oportunidades para crecer e involucrarse mucho m\u00e1s en cada proceso.\u00a0<\/span><\/p>\t\t\t\t\t\t\t\t<\/div>\n\t\t\t\t<\/div>\n\t\t\t\t\t<\/div>\n\t\t<\/div>\n\t\t\t\t\t<\/div>\n\t\t<\/section>\n\t\t\t\t<section class=\"elementor-section elementor-top-section elementor-element elementor-element-da5efd8 elementor-section-boxed elementor-section-height-default elementor-section-height-default\" data-id=\"da5efd8\" data-element_type=\"section\" data-e-type=\"section\">\n\t\t\t\t\t\t<div class=\"elementor-container elementor-column-gap-default\">\n\t\t\t\t\t<div class=\"elementor-column elementor-col-100 elementor-top-column elementor-element elementor-element-7ed0299\" data-id=\"7ed0299\" data-element_type=\"column\" data-e-type=\"column\">\n\t\t\t<div class=\"elementor-widget-wrap elementor-element-populated\">\n\t\t\t\t\t\t<div class=\"elementor-element elementor-element-380fd93 elementor-widget elementor-widget-image\" data-id=\"380fd93\" data-element_type=\"widget\" data-e-type=\"widget\" data-widget_type=\"image.default\">\n\t\t\t\t<div class=\"elementor-widget-container\">\n\t\t\t\t\t\t\t\t\t\t\t\t\t\t\t<img loading=\"lazy\" decoding=\"async\" width=\"1024\" height=\"683\" src=\"https:\/\/ymcacolombia.org\/wp-content\/uploads\/2022\/08\/2-1024x683.jpg\" class=\"attachment-large size-large wp-image-9103\" alt=\"\" srcset=\"https:\/\/ymcacolombia.org\/wp-content\/uploads\/2022\/08\/2-1024x683.jpg 1024w, https:\/\/ymcacolombia.org\/wp-content\/uploads\/2022\/08\/2-300x200.jpg 300w, https:\/\/ymcacolombia.org\/wp-content\/uploads\/2022\/08\/2-768x512.jpg 768w, https:\/\/ymcacolombia.org\/wp-content\/uploads\/2022\/08\/2-1536x1024.jpg 1536w, https:\/\/ymcacolombia.org\/wp-content\/uploads\/2022\/08\/2-2048x1365.jpg 2048w\" sizes=\"(max-width: 1024px) 100vw, 1024px\" \/>\t\t\t\t\t\t\t\t\t\t\t\t\t\t\t<\/div>\n\t\t\t\t<\/div>\n\t\t\t\t\t<\/div>\n\t\t<\/div>\n\t\t\t\t\t<\/div>\n\t\t<\/section>\n\t\t\t\t<section class=\"elementor-section elementor-top-section elementor-element elementor-element-7db317a elementor-section-boxed elementor-section-height-default elementor-section-height-default\" data-id=\"7db317a\" data-element_type=\"section\" data-e-type=\"section\">\n\t\t\t\t\t\t<div class=\"elementor-container elementor-column-gap-default\">\n\t\t\t\t\t<div class=\"elementor-column elementor-col-100 elementor-top-column elementor-element elementor-element-b61b946\" data-id=\"b61b946\" data-element_type=\"column\" data-e-type=\"column\">\n\t\t\t<div class=\"elementor-widget-wrap elementor-element-populated\">\n\t\t\t\t\t\t<div class=\"elementor-element elementor-element-7bcc5f6 elementor-widget elementor-widget-text-editor\" data-id=\"7bcc5f6\" data-element_type=\"widget\" data-e-type=\"widget\" data-widget_type=\"text-editor.default\">\n\t\t\t\t<div class=\"elementor-widget-container\">\n\t\t\t\t\t\t\t\t\t<p><span style=\"font-weight: 400;\"><span style=\"vertical-align: inherit;\"><span style=\"vertical-align: inherit;\"><span style=\"vertical-align: inherit;\"><span style=\"vertical-align: inherit;\">Algo que siempre ha caracterizado a la YMCA es su capacidad para estar a la vanguardia de lo que sucede en la sociedad y esta vez no fue la excepci\u00f3n, pues temas como el marketing digital y el manejo de las comunicaciones fueron importantes en esta convenci\u00f3n; abordarlos result\u00f3 necesario para que cada miembro estuviera alineado a uno de los prop\u00f3sitos actuales de la YMCA: Posicionamiento de marca.&nbsp;<\/span><\/span><\/span><\/span><\/span><span style=\"font-weight: 400;\"><span style=\"vertical-align: inherit;\"><span style=\"vertical-align: inherit;\"><span style=\"vertical-align: inherit;\"><span style=\"vertical-align: inherit;\">Cada tema, charla y actividad fueron claves para la formaci\u00f3n de cada miembro de la comunidad YMCA. Se reforz\u00f3 la importancia de fortalecernos internamente para luego poder proyectarnos de una manera eficaz de manera externa, llegando a m\u00e1s comunidades y personas que podemos impactar positivamente.&nbsp; &nbsp; &nbsp; &nbsp; &nbsp; &nbsp; &nbsp; &nbsp; &nbsp; &nbsp; &nbsp; &nbsp; &nbsp; &nbsp; &nbsp; &nbsp; &nbsp; &nbsp; &nbsp; &nbsp; &nbsp; &nbsp; &nbsp; &nbsp; &nbsp; &nbsp; &nbsp; &nbsp; &nbsp; &nbsp; &nbsp; &nbsp; &nbsp; &nbsp; &nbsp; &nbsp; &nbsp; &nbsp; &nbsp; &nbsp; &nbsp; &nbsp; &nbsp; &nbsp; &nbsp; &nbsp; &nbsp; &nbsp; &nbsp; &nbsp; &nbsp; &nbsp; &nbsp; &nbsp; &nbsp; &nbsp; &nbsp; &nbsp; &nbsp; &nbsp; &nbsp; &nbsp; &nbsp; &nbsp; &nbsp; &nbsp; &nbsp; &nbsp; &nbsp; &nbsp; &nbsp; &nbsp; &nbsp; &nbsp; &nbsp; <\/span><\/span><\/span><\/span><\/span><span style=\"font-size: 15px; color: var( --e-global-color-text ); vertical-align: inherit;\"><span style=\"font-weight: 400;\"><span style=\"vertical-align: inherit;\"><span style=\"vertical-align: inherit;\"><span style=\"vertical-align: inherit;\">Sobre todo, <\/span><\/span><\/span><\/span><\/span><span style=\"font-size: 15px; font-weight: 400; color: var( --e-global-color-text );\">&nbsp;<\/span><b style=\"font-style: inherit; color: var( --e-global-color-text );\"><span style=\"vertical-align: inherit;\"><span style=\"vertical-align: inherit;\"><span style=\"vertical-align: inherit;\"><span style=\"vertical-align: inherit;\">esta convenci\u00f3n nos sirvi\u00f3 para recordar que nuestro granito de arena logra tener un impacto mayor de lo que podemos imaginar.&nbsp;<\/span><\/span><\/span><\/span><\/b><span style=\"font-size: 15px; font-weight: 400; color: var( --e-global-color-text );\"><span style=\"vertical-align: inherit;\"><span style=\"vertical-align: inherit;\"><span style=\"vertical-align: inherit;\"><span style=\"vertical-align: inherit;\">\u201cEs importante ser conscientes de lo que se dice y se hace, porque pensamos siempre como YMCA local y no tenemos presente que llegamos a toda Colombia. No solo tenemos un contexto nacional, sino tambi\u00e9n uno internacional[&#8230;] <\/span><\/span><\/span><\/span><\/span><b style=\"font-style: inherit; color: var( --e-global-color-text );\"><span style=\"vertical-align: inherit;\"><span style=\"vertical-align: inherit;\"><span style=\"vertical-align: inherit;\"><span style=\"vertical-align: inherit;\">La YMCA nos permite tener alas y cada misi\u00f3n nos da un vuelo<\/span><\/span><\/span><\/span><\/b><span style=\"font-size: 15px; font-weight: 400; color: var( --e-global-color-text );\"><span style=\"vertical-align: inherit;\"><span style=\"vertical-align: inherit;\"><span style=\"vertical-align: inherit;\"><span style=\"vertical-align: inherit;\">\u201d <\/span><\/span><\/span><\/span><\/span><span style=\"font-size: 15px; font-weight: 400; color: var( --e-global-color-text );\"><span style=\"vertical-align: inherit;\"><span style=\"vertical-align: inherit;\"><span style=\"vertical-align: inherit;\"><span style=\"vertical-align: inherit;\">\u2014<\/span><\/span><\/span><\/span><\/span><strong><span style=\"font-size: 15px; color: var( --e-global-color-text );\"><span style=\"vertical-align: inherit;\"><span style=\"vertical-align: inherit;\"><span style=\"vertical-align: inherit;\"><span style=\"vertical-align: inherit;\">Luisa Moreno.<\/span><\/span><\/span><\/span><\/span><\/strong><\/p>\n<p><strong><span style=\"font-size: 15px; color: var( --e-global-color-text );\"><span style=\"vertical-align: inherit;\"><span style=\"vertical-align: inherit;\"><span style=\"vertical-align: inherit;\"><span style=\"vertical-align: inherit;\">Mar\u00eda Fernanda Pacheco&nbsp; &nbsp; &nbsp; &nbsp; &nbsp; &nbsp; &nbsp; &nbsp; &nbsp; &nbsp; &nbsp; &nbsp; &nbsp; &nbsp; &nbsp; &nbsp; &nbsp; &nbsp; &nbsp; &nbsp; &nbsp; &nbsp; &nbsp; &nbsp; &nbsp; &nbsp; &nbsp; &nbsp; &nbsp; &nbsp; &nbsp; &nbsp; &nbsp; &nbsp; &nbsp; &nbsp; &nbsp; &nbsp; &nbsp; &nbsp; &nbsp; &nbsp; &nbsp; &nbsp; &nbsp; &nbsp; &nbsp; &nbsp; &nbsp; &nbsp; &nbsp; &nbsp; &nbsp; &nbsp; &nbsp; &nbsp; &nbsp; &nbsp; &nbsp; &nbsp; &nbsp; &nbsp; &nbsp; &nbsp; &nbsp; &nbsp; &nbsp; &nbsp; &nbsp; &nbsp; &nbsp; &nbsp; &nbsp; &nbsp; &nbsp; &nbsp; &nbsp; &nbsp; &nbsp; &nbsp; &nbsp; &nbsp; &nbsp; &nbsp; &nbsp; &nbsp; &nbsp; &nbsp; &nbsp; &nbsp; &nbsp; &nbsp; &nbsp; &nbsp; &nbsp; Practicante&nbsp;<\/span><\/span><\/span><\/span><\/span><\/strong><\/p>\n<p><span style=\"font-weight: 400;\"><span style=\"vertical-align: inherit;\"><span style=\"vertical-align: inherit;\"><span style=\"vertical-align: inherit;\"><span style=\"vertical-align: inherit;\">&nbsp; &nbsp; &nbsp; &nbsp; &nbsp; &nbsp; &nbsp; &nbsp; &nbsp; &nbsp; &nbsp; &nbsp;Conoce m\u00e1s sobre el movimiento YMCA Colombia y se parte de&nbsp; las acciones que nos inspiran, <\/span><\/span><\/span><\/span><\/span><span style=\"vertical-align: inherit;\"><span style=\"vertical-align: inherit;\"><span style=\"vertical-align: inherit;\"><span style=\"vertical-align: inherit;\">dando <\/span><\/span><\/span><\/span><b><span style=\"vertical-align: inherit;\"><span style=\"vertical-align: inherit;\"><span style=\"vertical-align: inherit;\"><span style=\"vertical-align: inherit;\"><a href=\"https:\/\/ymcacolombia.org\/\">click aqu\u00ed<\/a><\/span><\/span><\/span><\/span><\/b><\/p>\t\t\t\t\t\t\t\t<\/div>\n\t\t\t\t<\/div>\n\t\t\t\t\t<\/div>\n\t\t<\/div>\n\t\t\t\t\t<\/div>\n\t\t<\/section>\n\t\t\t\t<section class=\"elementor-section elementor-top-section elementor-element elementor-element-3a4ffd1 elementor-section-boxed elementor-section-height-default elementor-section-height-default\" data-id=\"3a4ffd1\" data-element_type=\"section\" data-e-type=\"section\">\n\t\t\t\t\t\t<div class=\"elementor-container elementor-column-gap-default\">\n\t\t\t\t\t<div class=\"elementor-column elementor-col-100 elementor-top-column elementor-element elementor-element-9a40b04\" data-id=\"9a40b04\" data-element_type=\"column\" data-e-type=\"column\">\n\t\t\t<div class=\"elementor-widget-wrap elementor-element-populated\">\n\t\t\t\t\t\t<div class=\"elementor-element elementor-element-956d746 elementor-share-buttons--view-icon-text elementor-share-buttons--skin-gradient elementor-share-buttons--shape-square elementor-grid-0 elementor-share-buttons--color-official elementor-widget elementor-widget-share-buttons\" data-id=\"956d746\" data-element_type=\"widget\" data-e-type=\"widget\" data-widget_type=\"share-buttons.default\">\n\t\t\t\t<div class=\"elementor-widget-container\">\n\t\t\t\t\t\t\t<div class=\"elementor-grid\" role=\"list\">\n\t\t\t\t\t\t\t\t<div class=\"elementor-grid-item\" role=\"listitem\">\n\t\t\t\t\t\t<div class=\"elementor-share-btn elementor-share-btn_facebook\" role=\"button\" tabindex=\"0\" aria-label=\"Share on facebook\">\n\t\t\t\t\t\t\t\t\t\t\t\t\t\t\t<span class=\"elementor-share-btn__icon\">\n\t\t\t\t\t\t\t\t<i class=\"fab fa-facebook\" aria-hidden=\"true\"><\/i>\t\t\t\t\t\t\t<\/span>\n\t\t\t\t\t\t\t\t\t\t\t\t\t\t\t\t\t\t\t\t\t\t<div class=\"elementor-share-btn__text\">\n\t\t\t\t\t\t\t\t\t\t\t\t\t\t\t\t\t\t\t<span class=\"elementor-share-btn__title\">\n\t\t\t\t\t\t\t\t\t\tFacebook\t\t\t\t\t\t\t\t\t<\/span>\n\t\t\t\t\t\t\t\t\t\t\t\t\t\t\t\t\t<\/div>\n\t\t\t\t\t\t\t\t\t\t\t\t\t<\/div>\n\t\t\t\t\t<\/div>\n\t\t\t\t\t\t\t\t\t<div class=\"elementor-grid-item\" role=\"listitem\">\n\t\t\t\t\t\t<div class=\"elementor-share-btn elementor-share-btn_twitter\" role=\"button\" tabindex=\"0\" aria-label=\"Share on twitter\">\n\t\t\t\t\t\t\t\t\t\t\t\t\t\t\t<span class=\"elementor-share-btn__icon\">\n\t\t\t\t\t\t\t\t<i class=\"fab fa-twitter\" aria-hidden=\"true\"><\/i>\t\t\t\t\t\t\t<\/span>\n\t\t\t\t\t\t\t\t\t\t\t\t\t\t\t\t\t\t\t\t\t\t<div class=\"elementor-share-btn__text\">\n\t\t\t\t\t\t\t\t\t\t\t\t\t\t\t\t\t\t\t<span class=\"elementor-share-btn__title\">\n\t\t\t\t\t\t\t\t\t\tTwitter\t\t\t\t\t\t\t\t\t<\/span>\n\t\t\t\t\t\t\t\t\t\t\t\t\t\t\t\t\t<\/div>\n\t\t\t\t\t\t\t\t\t\t\t\t\t<\/div>\n\t\t\t\t\t<\/div>\n\t\t\t\t\t\t\t\t\t<div class=\"elementor-grid-item\" role=\"listitem\">\n\t\t\t\t\t\t<div class=\"elementor-share-btn elementor-share-btn_email\" role=\"button\" tabindex=\"0\" aria-label=\"Share on email\">\n\t\t\t\t\t\t\t\t\t\t\t\t\t\t\t<span class=\"elementor-share-btn__icon\">\n\t\t\t\t\t\t\t\t<i class=\"fas fa-envelope\" aria-hidden=\"true\"><\/i>\t\t\t\t\t\t\t<\/span>\n\t\t\t\t\t\t\t\t\t\t\t\t\t\t\t\t\t\t\t\t\t\t<div class=\"elementor-share-btn__text\">\n\t\t\t\t\t\t\t\t\t\t\t\t\t\t\t\t\t\t\t<span class=\"elementor-share-btn__title\">\n\t\t\t\t\t\t\t\t\t\tEmail\t\t\t\t\t\t\t\t\t<\/span>\n\t\t\t\t\t\t\t\t\t\t\t\t\t\t\t\t\t<\/div>\n\t\t\t\t\t\t\t\t\t\t\t\t\t<\/div>\n\t\t\t\t\t<\/div>\n\t\t\t\t\t\t\t\t\t<div class=\"elementor-grid-item\" role=\"listitem\">\n\t\t\t\t\t\t<div class=\"elementor-share-btn elementor-share-btn_whatsapp\" role=\"button\" tabindex=\"0\" aria-label=\"Share on whatsapp\">\n\t\t\t\t\t\t\t\t\t\t\t\t\t\t\t<span class=\"elementor-share-btn__icon\">\n\t\t\t\t\t\t\t\t<i class=\"fab fa-whatsapp\" aria-hidden=\"true\"><\/i>\t\t\t\t\t\t\t<\/span>\n\t\t\t\t\t\t\t\t\t\t\t\t\t\t\t\t\t\t\t\t\t\t<div class=\"elementor-share-btn__text\">\n\t\t\t\t\t\t\t\t\t\t\t\t\t\t\t\t\t\t\t<span class=\"elementor-share-btn__title\">\n\t\t\t\t\t\t\t\t\t\tWhatsApp\t\t\t\t\t\t\t\t\t<\/span>\n\t\t\t\t\t\t\t\t\t\t\t\t\t\t\t\t\t<\/div>\n\t\t\t\t\t\t\t\t\t\t\t\t\t<\/div>\n\t\t\t\t\t<\/div>\n\t\t\t\t\t\t<\/div>\n\t\t\t\t\t\t<\/div>\n\t\t\t\t<\/div>\n\t\t\t\t\t<\/div>\n\t\t<\/div>\n\t\t\t\t\t<\/div>\n\t\t<\/section>\n\t\t\t\t<\/div>\n\t\t","protected":false},"excerpt":{"rendered":"<p>Convenci\u00f3n Nacional 2022: Abrazando la vida e inspirando oportunidades La Convenci\u00f3n Nacional 2022 de la YMCA se llev\u00f3 a cabo los d\u00edas 3,4 y 5 de junio en la ciudad&nbsp; de Ibagu\u00e9, esta vez con el objetivo de abrazar la vida y de volver a sentir que somos UNO como comunidad. Reinventarse. Esa fue la [&hellip;]<\/p>\n","protected":false},"author":2,"featured_media":9098,"comment_status":"open","ping_status":"open","sticky":false,"template":"","format":"standard","meta":{"_eb_attr":"","site-sidebar-layout":"default","site-content-layout":"default","ast-site-content-layout":"default","site-content-style":"default","site-sidebar-style":"default","ast-global-header-display":"","ast-banner-title-visibility":"","ast-main-header-display":"","ast-hfb-above-header-display":"","ast-hfb-below-header-display":"","ast-hfb-mobile-header-display":"","site-post-title":"","ast-breadcrumbs-content":"","ast-featured-img":"","footer-sml-layout":"","ast-disable-related-posts":"","theme-transparent-header-meta":"default","adv-header-id-meta":"","stick-header-meta":"","header-above-stick-meta":"","header-main-stick-meta":"","header-below-stick-meta":"","astra-migrate-meta-layouts":"default","ast-page-background-enabled":"default","ast-page-background-meta":{"desktop":{"background-color":"","background-image":"","background-repeat":"repeat","background-position":"center center","background-size":"auto","background-attachment":"scroll","background-type":"","background-media":"","overlay-type":"","overlay-color":"","overlay-opacity":"","overlay-gradient":""},"tablet":{"background-color":"","background-image":"","background-repeat":"repeat","background-position":"center center","background-size":"auto","background-attachment":"scroll","background-type":"","background-media":"","overlay-type":"","overlay-color":"","overlay-opacity":"","overlay-gradient":""},"mobile":{"background-color":"","background-image":"","background-repeat":"repeat","background-position":"center center","background-size":"auto","background-attachment":"scroll","background-type":"","background-media":"","overlay-type":"","overlay-color":"","overlay-opacity":"","overlay-gradient":""}},"ast-content-background-meta":{"desktop":{"background-color":"var(--ast-global-color-5)","background-image":"","background-repeat":"repeat","background-position":"center center","background-size":"auto","background-attachment":"scroll","background-type":"","background-media":"","overlay-type":"","overlay-color":"","overlay-opacity":"","overlay-gradient":""},"tablet":{"background-color":"var(--ast-global-color-5)","background-image":"","background-repeat":"repeat","background-position":"center center","background-size":"auto","background-attachment":"scroll","background-type":"","background-media":"","overlay-type":"","overlay-color":"","overlay-opacity":"","overlay-gradient":""},"mobile":{"background-color":"var(--ast-global-color-5)","background-image":"","background-repeat":"repeat","background-position":"center center","background-size":"auto","background-attachment":"scroll","background-type":"","background-media":"","overlay-type":"","overlay-color":"","overlay-opacity":"","overlay-gradient":""}},"_joinchat":[],"footnotes":""},"categories":[1],"tags":[],"class_list":["post-9096","post","type-post","status-publish","format-standard","has-post-thumbnail","hentry","category-articulos"],"_links":{"self":[{"href":"https:\/\/ymcacolombia.org\/en\/wp-json\/wp\/v2\/posts\/9096","targetHints":{"allow":["GET"]}}],"collection":[{"href":"https:\/\/ymcacolombia.org\/en\/wp-json\/wp\/v2\/posts"}],"about":[{"href":"https:\/\/ymcacolombia.org\/en\/wp-json\/wp\/v2\/types\/post"}],"author":[{"embeddable":true,"href":"https:\/\/ymcacolombia.org\/en\/wp-json\/wp\/v2\/users\/2"}],"replies":[{"embeddable":true,"href":"https:\/\/ymcacolombia.org\/en\/wp-json\/wp\/v2\/comments?post=9096"}],"version-history":[{"count":16,"href":"https:\/\/ymcacolombia.org\/en\/wp-json\/wp\/v2\/posts\/9096\/revisions"}],"predecessor-version":[{"id":9503,"href":"https:\/\/ymcacolombia.org\/en\/wp-json\/wp\/v2\/posts\/9096\/revisions\/9503"}],"wp:featuredmedia":[{"embeddable":true,"href":"https:\/\/ymcacolombia.org\/en\/wp-json\/wp\/v2\/media\/9098"}],"wp:attachment":[{"href":"https:\/\/ymcacolombia.org\/en\/wp-json\/wp\/v2\/media?parent=9096"}],"wp:term":[{"taxonomy":"category","embeddable":true,"href":"https:\/\/ymcacolombia.org\/en\/wp-json\/wp\/v2\/categories?post=9096"},{"taxonomy":"post_tag","embeddable":true,"href":"https:\/\/ymcacolombia.org\/en\/wp-json\/wp\/v2\/tags?post=9096"}],"curies":[{"name":"wp","href":"https:\/\/api.w.org\/{rel}","templated":true}]}}