{"id":10007,"date":"2023-02-28T10:46:40","date_gmt":"2023-02-28T15:46:40","guid":{"rendered":"https:\/\/ymcacolombia.org\/?p=10007"},"modified":"2023-02-28T11:07:28","modified_gmt":"2023-02-28T16:07:28","slug":"5-formas-de-desarrollar-habilidades-para-la-vida","status":"publish","type":"post","link":"https:\/\/ymcacolombia.org\/en\/5-formas-de-desarrollar-habilidades-para-la-vida\/","title":{"rendered":"5 formas para que tu hijo desarrolle habilidades para la vida"},"content":{"rendered":"<div data-elementor-type=\"wp-post\" data-elementor-id=\"10007\" class=\"elementor elementor-10007\" data-elementor-post-type=\"post\">\n\t\t\t\t\t\t<section class=\"elementor-section elementor-top-section elementor-element elementor-element-97db47f elementor-section-boxed elementor-section-height-default elementor-section-height-default\" data-id=\"97db47f\" data-element_type=\"section\" data-e-type=\"section\">\n\t\t\t\t\t\t<div class=\"elementor-container elementor-column-gap-default\">\n\t\t\t\t\t<div class=\"elementor-column elementor-col-100 elementor-top-column elementor-element elementor-element-bd666a2\" data-id=\"bd666a2\" data-element_type=\"column\" data-e-type=\"column\">\n\t\t\t<div class=\"elementor-widget-wrap elementor-element-populated\">\n\t\t\t\t\t\t<div class=\"elementor-element elementor-element-0fb54eb elementor-widget elementor-widget-heading\" data-id=\"0fb54eb\" data-element_type=\"widget\" data-e-type=\"widget\" data-widget_type=\"heading.default\">\n\t\t\t\t<div class=\"elementor-widget-container\">\n\t\t\t\t\t<h1 class=\"elementor-heading-title elementor-size-default\">5 formas para que tu hijo desarrolle habilidades para la vida<\/h1>\t\t\t\t<\/div>\n\t\t\t\t<\/div>\n\t\t\t\t<div class=\"elementor-element elementor-element-87361b2 elementor-widget elementor-widget-text-editor\" data-id=\"87361b2\" data-element_type=\"widget\" data-e-type=\"widget\" data-widget_type=\"text-editor.default\">\n\t\t\t\t<div class=\"elementor-widget-container\">\n\t\t\t\t\t\t\t\t\t<p style=\"text-align: center;\"><span style=\"font-weight: 400;\">Ense\u00f1anzas que no se dan en un aula de clases<\/span><\/p>\t\t\t\t\t\t\t\t<\/div>\n\t\t\t\t<\/div>\n\t\t\t\t\t<\/div>\n\t\t<\/div>\n\t\t\t\t\t<\/div>\n\t\t<\/section>\n\t\t\t\t<section class=\"elementor-section elementor-top-section elementor-element elementor-element-9ce0588 elementor-section-boxed elementor-section-height-default elementor-section-height-default\" data-id=\"9ce0588\" data-element_type=\"section\" data-e-type=\"section\">\n\t\t\t\t\t\t<div class=\"elementor-container elementor-column-gap-default\">\n\t\t\t\t\t<div class=\"elementor-column elementor-col-100 elementor-top-column elementor-element elementor-element-6e34b66\" data-id=\"6e34b66\" data-element_type=\"column\" data-e-type=\"column\">\n\t\t\t<div class=\"elementor-widget-wrap elementor-element-populated\">\n\t\t\t\t\t\t<div class=\"elementor-element elementor-element-279eb40 elementor-widget elementor-widget-image\" data-id=\"279eb40\" data-element_type=\"widget\" data-e-type=\"widget\" data-widget_type=\"image.default\">\n\t\t\t\t<div class=\"elementor-widget-container\">\n\t\t\t\t\t\t\t\t\t\t\t\t\t\t\t<img fetchpriority=\"high\" decoding=\"async\" width=\"1024\" height=\"439\" src=\"https:\/\/ymcacolombia.org\/wp-content\/uploads\/2023\/02\/Campamento-de-verano-1024x439.jpg\" class=\"attachment-large size-large wp-image-10009\" alt=\"\" srcset=\"https:\/\/ymcacolombia.org\/wp-content\/uploads\/2023\/02\/Campamento-de-verano-1024x439.jpg 1024w, https:\/\/ymcacolombia.org\/wp-content\/uploads\/2023\/02\/Campamento-de-verano-300x129.jpg 300w, https:\/\/ymcacolombia.org\/wp-content\/uploads\/2023\/02\/Campamento-de-verano-768x329.jpg 768w, https:\/\/ymcacolombia.org\/wp-content\/uploads\/2023\/02\/Campamento-de-verano-1536x659.jpg 1536w, https:\/\/ymcacolombia.org\/wp-content\/uploads\/2023\/02\/Campamento-de-verano.jpg 1600w\" sizes=\"(max-width: 1024px) 100vw, 1024px\" \/>\t\t\t\t\t\t\t\t\t\t\t\t\t\t\t<\/div>\n\t\t\t\t<\/div>\n\t\t\t\t\t<\/div>\n\t\t<\/div>\n\t\t\t\t\t<\/div>\n\t\t<\/section>\n\t\t\t\t<section class=\"elementor-section elementor-top-section elementor-element elementor-element-37131b1 elementor-section-boxed elementor-section-height-default elementor-section-height-default\" data-id=\"37131b1\" data-element_type=\"section\" data-e-type=\"section\">\n\t\t\t\t\t\t<div class=\"elementor-container elementor-column-gap-default\">\n\t\t\t\t\t<div class=\"elementor-column elementor-col-100 elementor-top-column elementor-element elementor-element-c76e5bd\" data-id=\"c76e5bd\" data-element_type=\"column\" data-e-type=\"column\">\n\t\t\t<div class=\"elementor-widget-wrap elementor-element-populated\">\n\t\t\t\t\t\t<div class=\"elementor-element elementor-element-6f24fe5 elementor-widget elementor-widget-text-editor\" data-id=\"6f24fe5\" data-element_type=\"widget\" data-e-type=\"widget\" data-widget_type=\"text-editor.default\">\n\t\t\t\t<div class=\"elementor-widget-container\">\n\t\t\t\t\t\t\t\t\t<p><span style=\"font-weight: 400;\">Como padres buscamos preparar a nuestros hijos para la vida, pero muchas veces no sabemos por d\u00f3nde empezar o qu\u00e9 es lo que deber\u00edamos inculcarles desde peque\u00f1os. La educaci\u00f3n es fundamental en el proceso de formaci\u00f3n de cada persona, por eso desde peque\u00f1os asistimos a un colegio; sin embargo, tambi\u00e9n se tienen que tener en cuenta las <\/span><b>habilidades para la vida<\/b><span style=\"font-weight: 400;\"> que no siempre se ense\u00f1an en un sal\u00f3n de clases pero son parte importante del crecimiento. <\/span><\/p>\t\t\t\t\t\t\t\t<\/div>\n\t\t\t\t<\/div>\n\t\t\t\t\t<\/div>\n\t\t<\/div>\n\t\t\t\t\t<\/div>\n\t\t<\/section>\n\t\t\t\t<section class=\"elementor-section elementor-top-section elementor-element elementor-element-d0a7f36 elementor-section-boxed elementor-section-height-default elementor-section-height-default\" data-id=\"d0a7f36\" data-element_type=\"section\" data-e-type=\"section\">\n\t\t\t\t\t\t<div class=\"elementor-container elementor-column-gap-default\">\n\t\t\t\t\t<div class=\"elementor-column elementor-col-100 elementor-top-column elementor-element elementor-element-8321f6d\" data-id=\"8321f6d\" data-element_type=\"column\" data-e-type=\"column\">\n\t\t\t<div class=\"elementor-widget-wrap elementor-element-populated\">\n\t\t\t\t\t\t<div class=\"elementor-element elementor-element-0727231 elementor-widget elementor-widget-text-editor\" data-id=\"0727231\" data-element_type=\"widget\" data-e-type=\"widget\" data-widget_type=\"text-editor.default\">\n\t\t\t\t<div class=\"elementor-widget-container\">\n\t\t\t\t\t\t\t\t\t<p><span style=\"font-weight: 400;\">Para la <\/span><a href=\"https:\/\/www.who.int\/es\"><span style=\"font-weight: 400;\">Organizaci\u00f3n Mundial de la Salud<\/span><\/a><span style=\"font-weight: 400;\"> (OMS) las <\/span><a href=\"https:\/\/www.habilidadesparalavida.net\/habilidades.php\"><span style=\"font-weight: 400;\">habilidades para la vida<\/span><\/a><span style=\"font-weight: 400;\"> o competencias psicosociales, son aquellas que le permiten a la persona enfrentarse exitosamente a las exigencias y desaf\u00edos de la vida diaria. Estas habilidades son aprendidas por medio de la experiencia directa o un entrenamiento intencional que consiste en dar ejemplo e imitarlo, ya que las reacciones habituales y pautas que nuestros hijos tienen van en sinton\u00eda con el aprendizaje que reciben en situaciones o escenarios espec\u00edficos y esto marca su conducta en la vida social. <\/span><\/p>\t\t\t\t\t\t\t\t<\/div>\n\t\t\t\t<\/div>\n\t\t\t\t\t<\/div>\n\t\t<\/div>\n\t\t\t\t\t<\/div>\n\t\t<\/section>\n\t\t\t\t<section class=\"elementor-section elementor-top-section elementor-element elementor-element-6da8175 elementor-section-boxed elementor-section-height-default elementor-section-height-default\" data-id=\"6da8175\" data-element_type=\"section\" data-e-type=\"section\">\n\t\t\t\t\t\t<div class=\"elementor-container elementor-column-gap-default\">\n\t\t\t\t\t<div class=\"elementor-column elementor-col-100 elementor-top-column elementor-element elementor-element-3d47804\" data-id=\"3d47804\" data-element_type=\"column\" data-e-type=\"column\">\n\t\t\t<div class=\"elementor-widget-wrap elementor-element-populated\">\n\t\t\t\t\t\t<div class=\"elementor-element elementor-element-0d27971 elementor-widget elementor-widget-text-editor\" data-id=\"0d27971\" data-element_type=\"widget\" data-e-type=\"widget\" data-widget_type=\"text-editor.default\">\n\t\t\t\t<div class=\"elementor-widget-container\">\n\t\t\t\t\t\t\t\t\t<p><span style=\"font-weight: 400;\">Con el fin de mejorar la competencia social y ciudadana en el \u00e1mbito personal, familiar, acad\u00e9mico, profesional, y con los dem\u00e1s, la OMS establece las siguientes como habilidades para la vida:<\/span><\/p>\t\t\t\t\t\t\t\t<\/div>\n\t\t\t\t<\/div>\n\t\t\t\t\t<\/div>\n\t\t<\/div>\n\t\t\t\t\t<\/div>\n\t\t<\/section>\n\t\t\t\t<section class=\"elementor-section elementor-top-section elementor-element elementor-element-2a8f7cd elementor-section-boxed elementor-section-height-default elementor-section-height-default\" data-id=\"2a8f7cd\" data-element_type=\"section\" data-e-type=\"section\">\n\t\t\t\t\t\t<div class=\"elementor-container elementor-column-gap-default\">\n\t\t\t\t\t<div class=\"elementor-column elementor-col-50 elementor-top-column elementor-element elementor-element-883b2e1\" data-id=\"883b2e1\" data-element_type=\"column\" data-e-type=\"column\">\n\t\t\t<div class=\"elementor-widget-wrap elementor-element-populated\">\n\t\t\t\t\t\t<div class=\"elementor-element elementor-element-39c941f elementor-widget elementor-widget-text-editor\" data-id=\"39c941f\" data-element_type=\"widget\" data-e-type=\"widget\" data-widget_type=\"text-editor.default\">\n\t\t\t\t<div class=\"elementor-widget-container\">\n\t\t\t\t\t\t\t\t\t<ul><li style=\"list-style-type: none;\"><ul><li style=\"font-weight: 400;\" aria-level=\"1\"><b>Autoconocimiento<\/b><\/li><li style=\"font-weight: 400;\" aria-level=\"1\"><b>Empat\u00eda<\/b><\/li><li style=\"font-weight: 400;\" aria-level=\"1\"><b>Comunicaci\u00f3n asertiva<\/b><\/li><li style=\"font-weight: 400;\" aria-level=\"1\"><b>Relaciones interpersonales<\/b><\/li><li style=\"font-weight: 400;\" aria-level=\"1\"><b>Toma de decisiones<\/b><\/li><li style=\"font-weight: 400;\" aria-level=\"1\"><b>Soluci\u00f3n de problemas y conflictos<\/b><\/li><li style=\"font-weight: 400;\" aria-level=\"1\"><b>Pensamiento creativo<\/b><\/li><li style=\"font-weight: 400;\" aria-level=\"1\"><b>Pensamiento cr\u00edtico<\/b><\/li><li style=\"font-weight: 400;\" aria-level=\"1\"><b>Manejo de emociones y sentimientos<\/b><\/li><li style=\"font-weight: 400;\" aria-level=\"1\"><b>Manejo de tensiones y estr\u00e9s<\/b><\/li><\/ul><\/li><\/ul>\t\t\t\t\t\t\t\t<\/div>\n\t\t\t\t<\/div>\n\t\t\t\t\t<\/div>\n\t\t<\/div>\n\t\t\t\t<div class=\"elementor-column elementor-col-50 elementor-top-column elementor-element elementor-element-b419027\" data-id=\"b419027\" data-element_type=\"column\" data-e-type=\"column\">\n\t\t\t<div class=\"elementor-widget-wrap elementor-element-populated\">\n\t\t\t\t\t\t<div class=\"elementor-element elementor-element-f99d933 elementor-widget elementor-widget-image\" data-id=\"f99d933\" data-element_type=\"widget\" data-e-type=\"widget\" data-widget_type=\"image.default\">\n\t\t\t\t<div class=\"elementor-widget-container\">\n\t\t\t\t\t\t\t\t\t\t\t\t\t\t\t<img decoding=\"async\" width=\"1005\" height=\"670\" src=\"https:\/\/ymcacolombia.org\/wp-content\/uploads\/2023\/02\/Habilidades-para-la-vida-en-campamento.jpg\" class=\"attachment-large size-large wp-image-10010\" alt=\"\" srcset=\"https:\/\/ymcacolombia.org\/wp-content\/uploads\/2023\/02\/Habilidades-para-la-vida-en-campamento.jpg 1005w, https:\/\/ymcacolombia.org\/wp-content\/uploads\/2023\/02\/Habilidades-para-la-vida-en-campamento-300x200.jpg 300w, https:\/\/ymcacolombia.org\/wp-content\/uploads\/2023\/02\/Habilidades-para-la-vida-en-campamento-768x512.jpg 768w\" sizes=\"(max-width: 1005px) 100vw, 1005px\" \/>\t\t\t\t\t\t\t\t\t\t\t\t\t\t\t<\/div>\n\t\t\t\t<\/div>\n\t\t\t\t\t<\/div>\n\t\t<\/div>\n\t\t\t\t\t<\/div>\n\t\t<\/section>\n\t\t\t\t<section class=\"elementor-section elementor-top-section elementor-element elementor-element-94f8868 elementor-section-boxed elementor-section-height-default elementor-section-height-default\" data-id=\"94f8868\" data-element_type=\"section\" data-e-type=\"section\">\n\t\t\t\t\t\t<div class=\"elementor-container elementor-column-gap-default\">\n\t\t\t\t\t<div class=\"elementor-column elementor-col-100 elementor-top-column elementor-element elementor-element-9bcf73c\" data-id=\"9bcf73c\" data-element_type=\"column\" data-e-type=\"column\">\n\t\t\t<div class=\"elementor-widget-wrap elementor-element-populated\">\n\t\t\t\t\t\t<div class=\"elementor-element elementor-element-ef86ce5 elementor-widget elementor-widget-text-editor\" data-id=\"ef86ce5\" data-element_type=\"widget\" data-e-type=\"widget\" data-widget_type=\"text-editor.default\">\n\t\t\t\t<div class=\"elementor-widget-container\">\n\t\t\t\t\t\t\t\t\t<p><span style=\"font-weight: 400;\">Trabajar estas habilidades contribuye al desarrollo integral de los ni\u00f1os y adolescentes para que crezcan como personas, y tambi\u00e9n son positivas para la salud mental de nuestros hijos y su integraci\u00f3n exitosa con la sociedad al llegar a la adultez. Es por eso que te traemos 5 formas en las que podemos empezar a desarrollar habilidades para nuestros hijos:<\/span><\/p>\t\t\t\t\t\t\t\t<\/div>\n\t\t\t\t<\/div>\n\t\t\t\t\t<\/div>\n\t\t<\/div>\n\t\t\t\t\t<\/div>\n\t\t<\/section>\n\t\t\t\t<section class=\"elementor-section elementor-top-section elementor-element elementor-element-7218b28 elementor-section-boxed elementor-section-height-default elementor-section-height-default\" data-id=\"7218b28\" data-element_type=\"section\" data-e-type=\"section\">\n\t\t\t\t\t\t<div class=\"elementor-container elementor-column-gap-default\">\n\t\t\t\t\t<div class=\"elementor-column elementor-col-50 elementor-top-column elementor-element elementor-element-4b32b36\" data-id=\"4b32b36\" data-element_type=\"column\" data-e-type=\"column\">\n\t\t\t<div class=\"elementor-widget-wrap elementor-element-populated\">\n\t\t\t\t\t\t<div class=\"elementor-element elementor-element-cac7738 elementor-widget elementor-widget-image\" data-id=\"cac7738\" data-element_type=\"widget\" data-e-type=\"widget\" data-widget_type=\"image.default\">\n\t\t\t\t<div class=\"elementor-widget-container\">\n\t\t\t\t\t\t\t\t\t\t\t\t\t\t\t<img decoding=\"async\" width=\"153\" height=\"153\" src=\"https:\/\/ymcacolombia.org\/wp-content\/uploads\/2023\/02\/habilidades-para-la-vida-en-campamento-de-verano.jpg\" class=\"attachment-large size-large wp-image-10015\" alt=\"\" srcset=\"https:\/\/ymcacolombia.org\/wp-content\/uploads\/2023\/02\/habilidades-para-la-vida-en-campamento-de-verano.jpg 153w, https:\/\/ymcacolombia.org\/wp-content\/uploads\/2023\/02\/habilidades-para-la-vida-en-campamento-de-verano-150x150.jpg 150w\" sizes=\"(max-width: 153px) 100vw, 153px\" \/>\t\t\t\t\t\t\t\t\t\t\t\t\t\t\t<\/div>\n\t\t\t\t<\/div>\n\t\t\t\t\t<\/div>\n\t\t<\/div>\n\t\t\t\t<div class=\"elementor-column elementor-col-50 elementor-top-column elementor-element elementor-element-9acc16c\" data-id=\"9acc16c\" data-element_type=\"column\" data-e-type=\"column\">\n\t\t\t<div class=\"elementor-widget-wrap elementor-element-populated\">\n\t\t\t\t\t\t<div class=\"elementor-element elementor-element-023c808 elementor-widget elementor-widget-heading\" data-id=\"023c808\" data-element_type=\"widget\" data-e-type=\"widget\" data-widget_type=\"heading.default\">\n\t\t\t\t<div class=\"elementor-widget-container\">\n\t\t\t\t\t<h2 class=\"elementor-heading-title elementor-size-default\">1. Permitamos que interact\u00fae con otras personas<\/h2>\t\t\t\t<\/div>\n\t\t\t\t<\/div>\n\t\t\t\t<div class=\"elementor-element elementor-element-672c9c4 elementor-widget elementor-widget-text-editor\" data-id=\"672c9c4\" data-element_type=\"widget\" data-e-type=\"widget\" data-widget_type=\"text-editor.default\">\n\t\t\t\t<div class=\"elementor-widget-container\">\n\t\t\t\t\t\t\t\t\t<p><span style=\"font-weight: 400;\">La creaci\u00f3n de <\/span><b>relaciones interpersonales <\/b><span style=\"font-weight: 400;\">y el desempe\u00f1o social de nuestros hijos es una habilidad que van a necesitar a lo largo de su vida. Adem\u00e1s, saber tener una <\/span><b>comunicaci\u00f3n asertiva <\/b><span style=\"font-weight: 400;\">ayudar\u00e1 a nuestros hijos a desarrollar la habilidad de hacerse entender y tener en cuenta los sentimientos y pensamientos de los dem\u00e1s. Permitamos que interact\u00faen con diferentes personas, d\u00e9mosles la oportunidad de aprender a entablar una conversaci\u00f3n, hacer amigos y convivir en un ambiente que los desarrolle como persona.<\/span><\/p>\t\t\t\t\t\t\t\t<\/div>\n\t\t\t\t<\/div>\n\t\t\t\t\t<\/div>\n\t\t<\/div>\n\t\t\t\t\t<\/div>\n\t\t<\/section>\n\t\t\t\t<section class=\"elementor-section elementor-top-section elementor-element elementor-element-e40afe3 elementor-section-boxed elementor-section-height-default elementor-section-height-default\" data-id=\"e40afe3\" data-element_type=\"section\" data-e-type=\"section\">\n\t\t\t\t\t\t<div class=\"elementor-container elementor-column-gap-default\">\n\t\t\t\t\t<div class=\"elementor-column elementor-col-50 elementor-top-column elementor-element elementor-element-e5132b5\" data-id=\"e5132b5\" data-element_type=\"column\" data-e-type=\"column\">\n\t\t\t<div class=\"elementor-widget-wrap elementor-element-populated\">\n\t\t\t\t\t\t<div class=\"elementor-element elementor-element-077b78b elementor-widget elementor-widget-image\" data-id=\"077b78b\" data-element_type=\"widget\" data-e-type=\"widget\" data-widget_type=\"image.default\">\n\t\t\t\t<div class=\"elementor-widget-container\">\n\t\t\t\t\t\t\t\t\t\t\t\t\t\t\t<img loading=\"lazy\" decoding=\"async\" width=\"153\" height=\"153\" src=\"https:\/\/ymcacolombia.org\/wp-content\/uploads\/2023\/02\/habilidades-para-la-vida-en-campamento-de-verano-2.jpg\" class=\"attachment-large size-large wp-image-10016\" alt=\"\" srcset=\"https:\/\/ymcacolombia.org\/wp-content\/uploads\/2023\/02\/habilidades-para-la-vida-en-campamento-de-verano-2.jpg 153w, https:\/\/ymcacolombia.org\/wp-content\/uploads\/2023\/02\/habilidades-para-la-vida-en-campamento-de-verano-2-150x150.jpg 150w\" sizes=\"(max-width: 153px) 100vw, 153px\" \/>\t\t\t\t\t\t\t\t\t\t\t\t\t\t\t<\/div>\n\t\t\t\t<\/div>\n\t\t\t\t\t<\/div>\n\t\t<\/div>\n\t\t\t\t<div class=\"elementor-column elementor-col-50 elementor-top-column elementor-element elementor-element-d23133a\" data-id=\"d23133a\" data-element_type=\"column\" data-e-type=\"column\">\n\t\t\t<div class=\"elementor-widget-wrap elementor-element-populated\">\n\t\t\t\t\t\t<div class=\"elementor-element elementor-element-afa5453 elementor-widget elementor-widget-heading\" data-id=\"afa5453\" data-element_type=\"widget\" data-e-type=\"widget\" data-widget_type=\"heading.default\">\n\t\t\t\t<div class=\"elementor-widget-container\">\n\t\t\t\t\t<h2 class=\"elementor-heading-title elementor-size-default\">2. Dejemos que tomen sus propias decisiones<\/h2>\t\t\t\t<\/div>\n\t\t\t\t<\/div>\n\t\t\t\t<div class=\"elementor-element elementor-element-5be5182 elementor-widget elementor-widget-text-editor\" data-id=\"5be5182\" data-element_type=\"widget\" data-e-type=\"widget\" data-widget_type=\"text-editor.default\">\n\t\t\t\t<div class=\"elementor-widget-container\">\n\t\t\t\t\t\t\t\t\t<p><span style=\"font-weight: 400;\">Aunque no siempre podemos dejar que hagan lo que quieran, darle cabida al <\/span><b>autoconocimiento <\/b><span style=\"font-weight: 400;\">de los ni\u00f1os es lo que va a permitir que aprendan a <\/span><b>tomar decisiones<\/b><span style=\"font-weight: 400;\">, a ser independientes y lo que va a visibilizar sus gustos e intereses para desarrollar su personalidad. D\u00e9mosles la libertad de escoger qu\u00e9 hacer en su tiempo libre, descubrir qu\u00e9 actividades quieren hacer o simplemente que quieren comer hoy, para que comiencen a saber que les gusta, que no les gusta, en que son buenos, y en que no lo son.<\/span><\/p>\t\t\t\t\t\t\t\t<\/div>\n\t\t\t\t<\/div>\n\t\t\t\t\t<\/div>\n\t\t<\/div>\n\t\t\t\t\t<\/div>\n\t\t<\/section>\n\t\t\t\t<section class=\"elementor-section elementor-top-section elementor-element elementor-element-1a9b2c1 elementor-section-boxed elementor-section-height-default elementor-section-height-default\" data-id=\"1a9b2c1\" data-element_type=\"section\" data-e-type=\"section\">\n\t\t\t\t\t\t<div class=\"elementor-container elementor-column-gap-default\">\n\t\t\t\t\t<div class=\"elementor-column elementor-col-50 elementor-top-column elementor-element elementor-element-5faa40e\" data-id=\"5faa40e\" data-element_type=\"column\" data-e-type=\"column\">\n\t\t\t<div class=\"elementor-widget-wrap elementor-element-populated\">\n\t\t\t\t\t\t<div class=\"elementor-element elementor-element-3a4849c elementor-widget elementor-widget-image\" data-id=\"3a4849c\" data-element_type=\"widget\" data-e-type=\"widget\" data-widget_type=\"image.default\">\n\t\t\t\t<div class=\"elementor-widget-container\">\n\t\t\t\t\t\t\t\t\t\t\t\t\t\t\t<img loading=\"lazy\" decoding=\"async\" width=\"153\" height=\"153\" src=\"https:\/\/ymcacolombia.org\/wp-content\/uploads\/2023\/02\/habilidades-para-la-vida-en-campamento-de-verano-3.jpg\" class=\"attachment-large size-large wp-image-10017\" alt=\"\" srcset=\"https:\/\/ymcacolombia.org\/wp-content\/uploads\/2023\/02\/habilidades-para-la-vida-en-campamento-de-verano-3.jpg 153w, https:\/\/ymcacolombia.org\/wp-content\/uploads\/2023\/02\/habilidades-para-la-vida-en-campamento-de-verano-3-150x150.jpg 150w\" sizes=\"(max-width: 153px) 100vw, 153px\" \/>\t\t\t\t\t\t\t\t\t\t\t\t\t\t\t<\/div>\n\t\t\t\t<\/div>\n\t\t\t\t\t<\/div>\n\t\t<\/div>\n\t\t\t\t<div class=\"elementor-column elementor-col-50 elementor-top-column elementor-element elementor-element-4237220\" data-id=\"4237220\" data-element_type=\"column\" data-e-type=\"column\">\n\t\t\t<div class=\"elementor-widget-wrap elementor-element-populated\">\n\t\t\t\t\t\t<div class=\"elementor-element elementor-element-0606b23 elementor-widget elementor-widget-heading\" data-id=\"0606b23\" data-element_type=\"widget\" data-e-type=\"widget\" data-widget_type=\"heading.default\">\n\t\t\t\t<div class=\"elementor-widget-container\">\n\t\t\t\t\t<h2 class=\"elementor-heading-title elementor-size-default\">3. Ense\u00f1\u00e9mosles la empat\u00eda<\/h2>\t\t\t\t<\/div>\n\t\t\t\t<\/div>\n\t\t\t\t<div class=\"elementor-element elementor-element-cb0610e elementor-widget elementor-widget-text-editor\" data-id=\"cb0610e\" data-element_type=\"widget\" data-e-type=\"widget\" data-widget_type=\"text-editor.default\">\n\t\t\t\t<div class=\"elementor-widget-container\">\n\t\t\t\t\t\t\t\t\t<p style=\"text-align: left;\"><span style=\"font-weight: 400;\">Tener la capacidad de ponerse en los zapatos de los dem\u00e1s, ver desde una perspectiva diferente a la propia, aceptar los sentimientos ajenos para entender las reacciones o comportamientos de los dem\u00e1s hace de la <\/span><b>empat\u00eda <\/b><span style=\"font-weight: 400;\">una de las habilidades m\u00e1s \u00fatiles en la vida diaria. Demostremosles que hay m\u00e1s de un punto de vista y que no siempre van a tener la raz\u00f3n, y d\u00e9mosles el ejemplo hablando de sus emociones y sentimientos.<\/span><\/p>\t\t\t\t\t\t\t\t<\/div>\n\t\t\t\t<\/div>\n\t\t\t\t\t<\/div>\n\t\t<\/div>\n\t\t\t\t\t<\/div>\n\t\t<\/section>\n\t\t\t\t<section class=\"elementor-section elementor-top-section elementor-element elementor-element-e5157d0 elementor-section-boxed elementor-section-height-default elementor-section-height-default\" data-id=\"e5157d0\" data-element_type=\"section\" data-e-type=\"section\">\n\t\t\t\t\t\t<div class=\"elementor-container elementor-column-gap-default\">\n\t\t\t\t\t<div class=\"elementor-column elementor-col-50 elementor-top-column elementor-element elementor-element-7958e60\" data-id=\"7958e60\" data-element_type=\"column\" data-e-type=\"column\">\n\t\t\t<div class=\"elementor-widget-wrap elementor-element-populated\">\n\t\t\t\t\t\t<div class=\"elementor-element elementor-element-1f92b55 elementor-widget elementor-widget-image\" data-id=\"1f92b55\" data-element_type=\"widget\" data-e-type=\"widget\" data-widget_type=\"image.default\">\n\t\t\t\t<div class=\"elementor-widget-container\">\n\t\t\t\t\t\t\t\t\t\t\t\t\t\t\t<img loading=\"lazy\" decoding=\"async\" width=\"153\" height=\"153\" src=\"https:\/\/ymcacolombia.org\/wp-content\/uploads\/2023\/02\/habilidades-para-la-vida-en-campamento-de-verano-4.jpg\" class=\"attachment-large size-large wp-image-10018\" alt=\"\" srcset=\"https:\/\/ymcacolombia.org\/wp-content\/uploads\/2023\/02\/habilidades-para-la-vida-en-campamento-de-verano-4.jpg 153w, https:\/\/ymcacolombia.org\/wp-content\/uploads\/2023\/02\/habilidades-para-la-vida-en-campamento-de-verano-4-150x150.jpg 150w\" sizes=\"(max-width: 153px) 100vw, 153px\" \/>\t\t\t\t\t\t\t\t\t\t\t\t\t\t\t<\/div>\n\t\t\t\t<\/div>\n\t\t\t\t\t<\/div>\n\t\t<\/div>\n\t\t\t\t<div class=\"elementor-column elementor-col-50 elementor-top-column elementor-element elementor-element-e14bc6f\" data-id=\"e14bc6f\" data-element_type=\"column\" data-e-type=\"column\">\n\t\t\t<div class=\"elementor-widget-wrap elementor-element-populated\">\n\t\t\t\t\t\t<div class=\"elementor-element elementor-element-6f814be elementor-widget elementor-widget-heading\" data-id=\"6f814be\" data-element_type=\"widget\" data-e-type=\"widget\" data-widget_type=\"heading.default\">\n\t\t\t\t<div class=\"elementor-widget-container\">\n\t\t\t\t\t<h2 class=\"elementor-heading-title elementor-size-default\">4. No rechacemos su frustraci\u00f3n<\/h2>\t\t\t\t<\/div>\n\t\t\t\t<\/div>\n\t\t\t\t<div class=\"elementor-element elementor-element-83bd4ad elementor-widget elementor-widget-text-editor\" data-id=\"83bd4ad\" data-element_type=\"widget\" data-e-type=\"widget\" data-widget_type=\"text-editor.default\">\n\t\t\t\t<div class=\"elementor-widget-container\">\n\t\t\t\t\t\t\t\t\t<p><span style=\"font-weight: 400;\">No siempre se puede ganar, y ense\u00f1arles a aceptar la frustraci\u00f3n y a lidiar con ella para que aprendan a <\/span><b>manejar el estr\u00e9s y los sentimientos<\/b><span style=\"font-weight: 400;\"> que conlleva la frustraci\u00f3n les permitir\u00e1 identificarlos desde una temprana edad. Cuando nuestros hijos jueguen o hagan parte de una competencia, ense\u00f1\u00e9mosles que perder es normal y que eso no significa que haya que rendirse o tirar todo a la basura, y ayud\u00e9mosles a superar los sentimientos de tristeza, rabia o frustraci\u00f3n que puedan tener.<\/span><\/p>\t\t\t\t\t\t\t\t<\/div>\n\t\t\t\t<\/div>\n\t\t\t\t\t<\/div>\n\t\t<\/div>\n\t\t\t\t\t<\/div>\n\t\t<\/section>\n\t\t\t\t<section class=\"elementor-section elementor-top-section elementor-element elementor-element-fc46236 elementor-section-boxed elementor-section-height-default elementor-section-height-default\" data-id=\"fc46236\" data-element_type=\"section\" data-e-type=\"section\">\n\t\t\t\t\t\t<div class=\"elementor-container elementor-column-gap-default\">\n\t\t\t\t\t<div class=\"elementor-column elementor-col-50 elementor-top-column elementor-element elementor-element-cfdab93\" data-id=\"cfdab93\" data-element_type=\"column\" data-e-type=\"column\">\n\t\t\t<div class=\"elementor-widget-wrap elementor-element-populated\">\n\t\t\t\t\t\t<div class=\"elementor-element elementor-element-13d62e1 elementor-widget elementor-widget-image\" data-id=\"13d62e1\" data-element_type=\"widget\" data-e-type=\"widget\" data-widget_type=\"image.default\">\n\t\t\t\t<div class=\"elementor-widget-container\">\n\t\t\t\t\t\t\t\t\t\t\t\t\t\t\t<img loading=\"lazy\" decoding=\"async\" width=\"153\" height=\"153\" src=\"https:\/\/ymcacolombia.org\/wp-content\/uploads\/2023\/02\/habilidades-para-la-vida-en-campamento-de-verano-5.jpg\" class=\"attachment-large size-large wp-image-10019\" alt=\"\" srcset=\"https:\/\/ymcacolombia.org\/wp-content\/uploads\/2023\/02\/habilidades-para-la-vida-en-campamento-de-verano-5.jpg 153w, https:\/\/ymcacolombia.org\/wp-content\/uploads\/2023\/02\/habilidades-para-la-vida-en-campamento-de-verano-5-150x150.jpg 150w\" sizes=\"(max-width: 153px) 100vw, 153px\" \/>\t\t\t\t\t\t\t\t\t\t\t\t\t\t\t<\/div>\n\t\t\t\t<\/div>\n\t\t\t\t\t<\/div>\n\t\t<\/div>\n\t\t\t\t<div class=\"elementor-column elementor-col-50 elementor-top-column elementor-element elementor-element-0dc2e47\" data-id=\"0dc2e47\" data-element_type=\"column\" data-e-type=\"column\">\n\t\t\t<div class=\"elementor-widget-wrap elementor-element-populated\">\n\t\t\t\t\t\t<div class=\"elementor-element elementor-element-3f37eff elementor-widget elementor-widget-heading\" data-id=\"3f37eff\" data-element_type=\"widget\" data-e-type=\"widget\" data-widget_type=\"heading.default\">\n\t\t\t\t<div class=\"elementor-widget-container\">\n\t\t\t\t\t<h2 class=\"elementor-heading-title elementor-size-default\">5. Dej\u00e9mosles asumir retos<\/h2>\t\t\t\t<\/div>\n\t\t\t\t<\/div>\n\t\t\t\t<div class=\"elementor-element elementor-element-4022ef1 elementor-widget elementor-widget-text-editor\" data-id=\"4022ef1\" data-element_type=\"widget\" data-e-type=\"widget\" data-widget_type=\"text-editor.default\">\n\t\t\t\t<div class=\"elementor-widget-container\">\n\t\t\t\t\t\t\t\t\t<p><span style=\"font-weight: 400;\">Cuando se enfrentan a obst\u00e1culos se obligan a pensar y <\/span><b>buscar soluciones<\/b><span style=\"font-weight: 400;\">. Sabemos que los ni\u00f1os son los que m\u00e1s explotan su <\/span><b>pensamiento creativo <\/b><span style=\"font-weight: 400;\">y tienen el potencial de desarrollar su <\/span><b>pensamiento cr\u00edtico<\/b><span style=\"font-weight: 400;\">. Pong\u00e1mosles retos en frente a nuestros hijos, d\u00e9mosles ejercicios o situaciones en las que tengan que analizar y pensar una soluci\u00f3n por sus propios medios, dej\u00e9mosles seguir su curiosidad y mostr\u00e9mosles que las cosas no son blanco y negro.<\/span><\/p>\t\t\t\t\t\t\t\t<\/div>\n\t\t\t\t<\/div>\n\t\t\t\t\t<\/div>\n\t\t<\/div>\n\t\t\t\t\t<\/div>\n\t\t<\/section>\n\t\t\t\t<section class=\"elementor-section elementor-top-section elementor-element elementor-element-f9a5d17 elementor-hidden-tablet elementor-hidden-mobile elementor-section-boxed elementor-section-height-default elementor-section-height-default\" data-id=\"f9a5d17\" data-element_type=\"section\" data-e-type=\"section\">\n\t\t\t\t\t\t<div class=\"elementor-container elementor-column-gap-default\">\n\t\t\t\t\t<div class=\"elementor-column elementor-col-100 elementor-top-column elementor-element elementor-element-165c2c2\" data-id=\"165c2c2\" data-element_type=\"column\" data-e-type=\"column\">\n\t\t\t<div class=\"elementor-widget-wrap elementor-element-populated\">\n\t\t\t\t\t\t<div class=\"elementor-element elementor-element-e5de839 elementor--h-position-center elementor--v-position-middle elementor-arrows-position-inside elementor-pagination-position-inside elementor-widget elementor-widget-slides\" data-id=\"e5de839\" data-element_type=\"widget\" data-e-type=\"widget\" data-settings=\"{&quot;navigation&quot;:&quot;both&quot;,&quot;autoplay&quot;:&quot;yes&quot;,&quot;pause_on_hover&quot;:&quot;yes&quot;,&quot;pause_on_interaction&quot;:&quot;yes&quot;,&quot;autoplay_speed&quot;:5000,&quot;infinite&quot;:&quot;yes&quot;,&quot;transition&quot;:&quot;slide&quot;,&quot;transition_speed&quot;:500}\" data-widget_type=\"slides.default\">\n\t\t\t\t<div class=\"elementor-widget-container\">\n\t\t\t\t\t\t\t\t\t<div class=\"elementor-swiper\">\n\t\t\t\t\t<div class=\"elementor-slides-wrapper elementor-main-swiper swiper\" role=\"region\" aria-roledescription=\"carousel\" aria-label=\"Slides\" dir=\"ltr\" data-animation=\"fadeInUp\">\n\t\t\t\t<div class=\"swiper-wrapper elementor-slides\">\n\t\t\t\t\t\t\t\t\t\t<div class=\"elementor-repeater-item-9829461 swiper-slide\" role=\"group\" aria-roledescription=\"slide\"><div class=\"swiper-slide-bg\" role=\"img\"><\/div><div class=\"swiper-slide-inner\" ><div class=\"swiper-slide-contents\"><\/div><\/div><\/div><div class=\"elementor-repeater-item-e4aa7c4 swiper-slide\" role=\"group\" aria-roledescription=\"slide\"><div class=\"swiper-slide-bg\" role=\"img\"><\/div><div class=\"swiper-slide-inner\" ><div class=\"swiper-slide-contents\"><\/div><\/div><\/div><div class=\"elementor-repeater-item-0550eac swiper-slide\" role=\"group\" aria-roledescription=\"slide\"><div class=\"swiper-slide-bg\" role=\"img\"><\/div><div class=\"swiper-slide-inner\" ><div class=\"swiper-slide-contents\"><\/div><\/div><\/div><div class=\"elementor-repeater-item-3bd2952 swiper-slide\" role=\"group\" aria-roledescription=\"slide\"><div class=\"swiper-slide-bg\" role=\"img\"><\/div><div class=\"swiper-slide-inner\" ><div class=\"swiper-slide-contents\"><\/div><\/div><\/div>\t\t\t\t<\/div>\n\t\t\t\t\t\t\t\t\t\t\t\t\t\t\t<div class=\"elementor-swiper-button elementor-swiper-button-prev\" role=\"button\" tabindex=\"0\" aria-label=\"Previous slide\" data-no-translation-aria-label=\"\">\n\t\t\t\t\t\t\t<i aria-hidden=\"true\" class=\"eicon-chevron-left\"><\/i>\t\t\t\t\t\t<\/div>\n\t\t\t\t\t\t<div class=\"elementor-swiper-button elementor-swiper-button-next\" role=\"button\" tabindex=\"0\" aria-label=\"Next slide\" data-no-translation-aria-label=\"\">\n\t\t\t\t\t\t\t<i aria-hidden=\"true\" class=\"eicon-chevron-right\"><\/i>\t\t\t\t\t\t<\/div>\n\t\t\t\t\t\t\t\t\t\t\t\t\t\t\t\t<div class=\"swiper-pagination\"><\/div>\n\t\t\t\t\t\t\t\t\t\t\t\t<\/div>\n\t\t\t\t<\/div>\n\t\t\t\t\t\t\t\t<\/div>\n\t\t\t\t<\/div>\n\t\t\t\t\t<\/div>\n\t\t<\/div>\n\t\t\t\t\t<\/div>\n\t\t<\/section>\n\t\t\t\t<section class=\"elementor-section elementor-top-section elementor-element elementor-element-a4709a5 elementor-section-boxed elementor-section-height-default elementor-section-height-default\" data-id=\"a4709a5\" data-element_type=\"section\" data-e-type=\"section\">\n\t\t\t\t\t\t<div class=\"elementor-container elementor-column-gap-default\">\n\t\t\t\t\t<div class=\"elementor-column elementor-col-100 elementor-top-column elementor-element elementor-element-0f575ec\" data-id=\"0f575ec\" data-element_type=\"column\" data-e-type=\"column\">\n\t\t\t<div class=\"elementor-widget-wrap elementor-element-populated\">\n\t\t\t\t\t\t<div class=\"elementor-element elementor-element-bb87a3d elementor-hidden-desktop elementor-hidden-tablet elementor--h-position-center elementor--v-position-middle elementor-arrows-position-inside elementor-pagination-position-inside elementor-widget elementor-widget-slides\" data-id=\"bb87a3d\" data-element_type=\"widget\" data-e-type=\"widget\" data-settings=\"{&quot;navigation&quot;:&quot;both&quot;,&quot;autoplay&quot;:&quot;yes&quot;,&quot;pause_on_hover&quot;:&quot;yes&quot;,&quot;pause_on_interaction&quot;:&quot;yes&quot;,&quot;autoplay_speed&quot;:5000,&quot;infinite&quot;:&quot;yes&quot;,&quot;transition&quot;:&quot;slide&quot;,&quot;transition_speed&quot;:500}\" data-widget_type=\"slides.default\">\n\t\t\t\t<div class=\"elementor-widget-container\">\n\t\t\t\t\t\t\t\t\t<div class=\"elementor-swiper\">\n\t\t\t\t\t<div class=\"elementor-slides-wrapper elementor-main-swiper swiper\" role=\"region\" aria-roledescription=\"carousel\" aria-label=\"Slides\" dir=\"ltr\" data-animation=\"fadeInUp\">\n\t\t\t\t<div class=\"swiper-wrapper elementor-slides\">\n\t\t\t\t\t\t\t\t\t\t<div class=\"elementor-repeater-item-65bf7fd swiper-slide\" role=\"group\" aria-roledescription=\"slide\"><div class=\"swiper-slide-bg\" role=\"img\"><\/div><div class=\"swiper-slide-inner\" ><div class=\"swiper-slide-contents\"><\/div><\/div><\/div><div class=\"elementor-repeater-item-a4fd196 swiper-slide\" role=\"group\" aria-roledescription=\"slide\"><div class=\"swiper-slide-bg\" role=\"img\"><\/div><div class=\"swiper-slide-inner\" ><div class=\"swiper-slide-contents\"><\/div><\/div><\/div><div class=\"elementor-repeater-item-a032bd1 swiper-slide\" role=\"group\" aria-roledescription=\"slide\"><div class=\"swiper-slide-bg\" role=\"img\"><\/div><div class=\"swiper-slide-inner\" ><div class=\"swiper-slide-contents\"><\/div><\/div><\/div><div class=\"elementor-repeater-item-c2c430c swiper-slide\" role=\"group\" aria-roledescription=\"slide\"><div class=\"swiper-slide-bg\" role=\"img\"><\/div><div class=\"swiper-slide-inner\" ><div class=\"swiper-slide-contents\"><\/div><\/div><\/div>\t\t\t\t<\/div>\n\t\t\t\t\t\t\t\t\t\t\t\t\t\t\t<div class=\"elementor-swiper-button elementor-swiper-button-prev\" role=\"button\" tabindex=\"0\" aria-label=\"Previous slide\" data-no-translation-aria-label=\"\">\n\t\t\t\t\t\t\t<i aria-hidden=\"true\" class=\"eicon-chevron-left\"><\/i>\t\t\t\t\t\t<\/div>\n\t\t\t\t\t\t<div class=\"elementor-swiper-button elementor-swiper-button-next\" role=\"button\" tabindex=\"0\" aria-label=\"Next slide\" data-no-translation-aria-label=\"\">\n\t\t\t\t\t\t\t<i aria-hidden=\"true\" class=\"eicon-chevron-right\"><\/i>\t\t\t\t\t\t<\/div>\n\t\t\t\t\t\t\t\t\t\t\t\t\t\t\t\t<div class=\"swiper-pagination\"><\/div>\n\t\t\t\t\t\t\t\t\t\t\t\t<\/div>\n\t\t\t\t<\/div>\n\t\t\t\t\t\t\t\t<\/div>\n\t\t\t\t<\/div>\n\t\t\t\t\t<\/div>\n\t\t<\/div>\n\t\t\t\t\t<\/div>\n\t\t<\/section>\n\t\t\t\t<section class=\"elementor-section elementor-top-section elementor-element elementor-element-55ca6f4 elementor-section-boxed elementor-section-height-default elementor-section-height-default\" data-id=\"55ca6f4\" data-element_type=\"section\" data-e-type=\"section\">\n\t\t\t\t\t\t<div class=\"elementor-container elementor-column-gap-default\">\n\t\t\t\t\t<div class=\"elementor-column elementor-col-100 elementor-top-column elementor-element elementor-element-e1809a4\" data-id=\"e1809a4\" data-element_type=\"column\" data-e-type=\"column\">\n\t\t\t<div class=\"elementor-widget-wrap elementor-element-populated\">\n\t\t\t\t\t\t<div class=\"elementor-element elementor-element-a0b124a elementor-widget elementor-widget-text-editor\" data-id=\"a0b124a\" data-element_type=\"widget\" data-e-type=\"widget\" data-widget_type=\"text-editor.default\">\n\t\t\t\t<div class=\"elementor-widget-container\">\n\t\t\t\t\t\t\t\t\t<p><span style=\"font-weight: 400;\">Una alternativa para que tu hijo est\u00e9 en un ambiente donde pueda desarrollar habilidades para la vida, convivir con m\u00e1s ni\u00f1os y j\u00f3venes, adem\u00e1s de afrontar retos que lo exijan son los campamentos de verano. Se ha comprobado que estos espacios desarrollan estas habilidades y tambi\u00e9n generan un sentido de pertenencia y la libertad de ser ellos mismos, puedes ver los beneficios de los campamentos de verano m\u00e1s a fondo haciendo clic <\/span><a href=\"https:\/\/www.berlitz.com\/es-mx\/blog\/beneficios-de-los-campamentos-de-verano\"><span style=\"font-weight: 400;\">aqu\u00ed<\/span><\/a><span style=\"font-weight: 400;\">. En nuestro <\/span><a href=\"https:\/\/ymcacolombia.org\/en\/campamento-en-ingles-para-ninos-y-jovenes\/\"><span style=\"font-weight: 400;\">YCAMP YTAC<\/span><\/a><span style=\"font-weight: 400;\"> o en el <\/span><a href=\"https:\/\/ymcacolombia.org\/en\/experiencias-billingues\/campamento-internacional-para-ninos-y-jovenes\/\"><span style=\"font-weight: 400;\">Campers Abroad<\/span><\/a><span style=\"font-weight: 400;\"> tu hijo tendr\u00e1 la oportunidad de descubrirse, conocerse, y desarrollar habilidades para el siglo XXI de la mano de YMCA.<\/span><\/p>\t\t\t\t\t\t\t\t<\/div>\n\t\t\t\t<\/div>\n\t\t\t\t\t<\/div>\n\t\t<\/div>\n\t\t\t\t\t<\/div>\n\t\t<\/section>\n\t\t\t\t<section class=\"elementor-section elementor-top-section elementor-element elementor-element-da0c632 elementor-section-boxed elementor-section-height-default elementor-section-height-default\" data-id=\"da0c632\" data-element_type=\"section\" data-e-type=\"section\">\n\t\t\t\t\t\t<div class=\"elementor-container elementor-column-gap-default\">\n\t\t\t\t\t<div class=\"elementor-column elementor-col-100 elementor-top-column elementor-element elementor-element-2c10cc4\" data-id=\"2c10cc4\" data-element_type=\"column\" data-e-type=\"column\">\n\t\t\t<div class=\"elementor-widget-wrap elementor-element-populated\">\n\t\t\t\t\t\t<div class=\"elementor-element elementor-element-fb7c5ba elementor-share-buttons--align-center elementor-share-buttons--view-icon-text elementor-share-buttons--skin-gradient elementor-share-buttons--shape-square elementor-grid-0 elementor-share-buttons--color-official elementor-widget elementor-widget-share-buttons\" data-id=\"fb7c5ba\" data-element_type=\"widget\" data-e-type=\"widget\" data-widget_type=\"share-buttons.default\">\n\t\t\t\t<div class=\"elementor-widget-container\">\n\t\t\t\t\t\t\t<div class=\"elementor-grid\" role=\"list\">\n\t\t\t\t\t\t\t\t<div class=\"elementor-grid-item\" role=\"listitem\">\n\t\t\t\t\t\t<div class=\"elementor-share-btn elementor-share-btn_facebook\" role=\"button\" tabindex=\"0\" aria-label=\"Share on facebook\" data-no-translation-aria-label=\"\">\n\t\t\t\t\t\t\t\t\t\t\t\t\t\t\t<span class=\"elementor-share-btn__icon\">\n\t\t\t\t\t\t\t\t<i class=\"fab fa-facebook\" aria-hidden=\"true\"><\/i>\t\t\t\t\t\t\t<\/span>\n\t\t\t\t\t\t\t\t\t\t\t\t\t\t\t\t\t\t\t\t\t\t<div class=\"elementor-share-btn__text\">\n\t\t\t\t\t\t\t\t\t\t\t\t\t\t\t\t\t\t\t<span class=\"elementor-share-btn__title\">\n\t\t\t\t\t\t\t\t\t\tFacebook\t\t\t\t\t\t\t\t\t<\/span>\n\t\t\t\t\t\t\t\t\t\t\t\t\t\t\t\t\t<\/div>\n\t\t\t\t\t\t\t\t\t\t\t\t\t<\/div>\n\t\t\t\t\t<\/div>\n\t\t\t\t\t\t\t\t\t<div class=\"elementor-grid-item\" role=\"listitem\">\n\t\t\t\t\t\t<div class=\"elementor-share-btn elementor-share-btn_twitter\" role=\"button\" tabindex=\"0\" aria-label=\"Share on twitter\" data-no-translation-aria-label=\"\">\n\t\t\t\t\t\t\t\t\t\t\t\t\t\t\t<span class=\"elementor-share-btn__icon\">\n\t\t\t\t\t\t\t\t<i class=\"fab fa-twitter\" aria-hidden=\"true\"><\/i>\t\t\t\t\t\t\t<\/span>\n\t\t\t\t\t\t\t\t\t\t\t\t\t\t\t\t\t\t\t\t\t\t<div class=\"elementor-share-btn__text\">\n\t\t\t\t\t\t\t\t\t\t\t\t\t\t\t\t\t\t\t<span class=\"elementor-share-btn__title\">\n\t\t\t\t\t\t\t\t\t\tTwitter\t\t\t\t\t\t\t\t\t<\/span>\n\t\t\t\t\t\t\t\t\t\t\t\t\t\t\t\t\t<\/div>\n\t\t\t\t\t\t\t\t\t\t\t\t\t<\/div>\n\t\t\t\t\t<\/div>\n\t\t\t\t\t\t\t\t\t<div class=\"elementor-grid-item\" role=\"listitem\">\n\t\t\t\t\t\t<div class=\"elementor-share-btn elementor-share-btn_linkedin\" role=\"button\" tabindex=\"0\" aria-label=\"Share on linkedin\" data-no-translation-aria-label=\"\">\n\t\t\t\t\t\t\t\t\t\t\t\t\t\t\t<span class=\"elementor-share-btn__icon\">\n\t\t\t\t\t\t\t\t<i class=\"fab fa-linkedin\" aria-hidden=\"true\"><\/i>\t\t\t\t\t\t\t<\/span>\n\t\t\t\t\t\t\t\t\t\t\t\t\t\t\t\t\t\t\t\t\t\t<div class=\"elementor-share-btn__text\">\n\t\t\t\t\t\t\t\t\t\t\t\t\t\t\t\t\t\t\t<span class=\"elementor-share-btn__title\">\n\t\t\t\t\t\t\t\t\t\tLinkedIn\t\t\t\t\t\t\t\t\t<\/span>\n\t\t\t\t\t\t\t\t\t\t\t\t\t\t\t\t\t<\/div>\n\t\t\t\t\t\t\t\t\t\t\t\t\t<\/div>\n\t\t\t\t\t<\/div>\n\t\t\t\t\t\t\t\t\t<div class=\"elementor-grid-item\" role=\"listitem\">\n\t\t\t\t\t\t<div class=\"elementor-share-btn elementor-share-btn_whatsapp\" role=\"button\" tabindex=\"0\" aria-label=\"Share on whatsapp\" data-no-translation-aria-label=\"\">\n\t\t\t\t\t\t\t\t\t\t\t\t\t\t\t<span class=\"elementor-share-btn__icon\">\n\t\t\t\t\t\t\t\t<i class=\"fab fa-whatsapp\" aria-hidden=\"true\"><\/i>\t\t\t\t\t\t\t<\/span>\n\t\t\t\t\t\t\t\t\t\t\t\t\t\t\t\t\t\t\t\t\t\t<div class=\"elementor-share-btn__text\">\n\t\t\t\t\t\t\t\t\t\t\t\t\t\t\t\t\t\t\t<span class=\"elementor-share-btn__title\">\n\t\t\t\t\t\t\t\t\t\tWhatsApp\t\t\t\t\t\t\t\t\t<\/span>\n\t\t\t\t\t\t\t\t\t\t\t\t\t\t\t\t\t<\/div>\n\t\t\t\t\t\t\t\t\t\t\t\t\t<\/div>\n\t\t\t\t\t<\/div>\n\t\t\t\t\t\t\t\t\t<div class=\"elementor-grid-item\" role=\"listitem\">\n\t\t\t\t\t\t<div class=\"elementor-share-btn elementor-share-btn_email\" role=\"button\" tabindex=\"0\" aria-label=\"Share on email\" data-no-translation-aria-label=\"\">\n\t\t\t\t\t\t\t\t\t\t\t\t\t\t\t<span class=\"elementor-share-btn__icon\">\n\t\t\t\t\t\t\t\t<i class=\"fas fa-envelope\" aria-hidden=\"true\"><\/i>\t\t\t\t\t\t\t<\/span>\n\t\t\t\t\t\t\t\t\t\t\t\t\t\t\t\t\t\t\t\t\t\t<div class=\"elementor-share-btn__text\">\n\t\t\t\t\t\t\t\t\t\t\t\t\t\t\t\t\t\t\t<span class=\"elementor-share-btn__title\">\n\t\t\t\t\t\t\t\t\t\tEmail\t\t\t\t\t\t\t\t\t<\/span>\n\t\t\t\t\t\t\t\t\t\t\t\t\t\t\t\t\t<\/div>\n\t\t\t\t\t\t\t\t\t\t\t\t\t<\/div>\n\t\t\t\t\t<\/div>\n\t\t\t\t\t\t<\/div>\n\t\t\t\t\t\t<\/div>\n\t\t\t\t<\/div>\n\t\t\t\t\t<\/div>\n\t\t<\/div>\n\t\t\t\t\t<\/div>\n\t\t<\/section>\n\t\t\t\t<\/div>","protected":false},"excerpt":{"rendered":"<p>5 formas para que tu hijo desarrolle habilidades para la vida Ense\u00f1anzas que no se dan en un aula de clases Como padres buscamos preparar a nuestros hijos para la vida, pero muchas veces no sabemos por d\u00f3nde empezar o qu\u00e9 es lo que deber\u00edamos inculcarles desde peque\u00f1os. La educaci\u00f3n es fundamental en el proceso [&hellip;]<\/p>\n","protected":false},"author":2,"featured_media":10032,"comment_status":"open","ping_status":"closed","sticky":false,"template":"","format":"standard","meta":{"_eb_attr":"","site-sidebar-layout":"default","site-content-layout":"","ast-site-content-layout":"default","site-content-style":"default","site-sidebar-style":"default","ast-global-header-display":"","ast-banner-title-visibility":"","ast-main-header-display":"","ast-hfb-above-header-display":"","ast-hfb-below-header-display":"","ast-hfb-mobile-header-display":"","site-post-title":"","ast-breadcrumbs-content":"","ast-featured-img":"","footer-sml-layout":"","ast-disable-related-posts":"","theme-transparent-header-meta":"","adv-header-id-meta":"","stick-header-meta":"","header-above-stick-meta":"","header-main-stick-meta":"","header-below-stick-meta":"","astra-migrate-meta-layouts":"default","ast-page-background-enabled":"default","ast-page-background-meta":{"desktop":{"background-color":"","background-image":"","background-repeat":"repeat","background-position":"center center","background-size":"auto","background-attachment":"scroll","background-type":"","background-media":"","overlay-type":"","overlay-color":"","overlay-opacity":"","overlay-gradient":""},"tablet":{"background-color":"","background-image":"","background-repeat":"repeat","background-position":"center center","background-size":"auto","background-attachment":"scroll","background-type":"","background-media":"","overlay-type":"","overlay-color":"","overlay-opacity":"","overlay-gradient":""},"mobile":{"background-color":"","background-image":"","background-repeat":"repeat","background-position":"center center","background-size":"auto","background-attachment":"scroll","background-type":"","background-media":"","overlay-type":"","overlay-color":"","overlay-opacity":"","overlay-gradient":""}},"ast-content-background-meta":{"desktop":{"background-color":"var(--ast-global-color-5)","background-image":"","background-repeat":"repeat","background-position":"center center","background-size":"auto","background-attachment":"scroll","background-type":"","background-media":"","overlay-type":"","overlay-color":"","overlay-opacity":"","overlay-gradient":""},"tablet":{"background-color":"var(--ast-global-color-5)","background-image":"","background-repeat":"repeat","background-position":"center center","background-size":"auto","background-attachment":"scroll","background-type":"","background-media":"","overlay-type":"","overlay-color":"","overlay-opacity":"","overlay-gradient":""},"mobile":{"background-color":"var(--ast-global-color-5)","background-image":"","background-repeat":"repeat","background-position":"center center","background-size":"auto","background-attachment":"scroll","background-type":"","background-media":"","overlay-type":"","overlay-color":"","overlay-opacity":"","overlay-gradient":""}},"_joinchat":[],"footnotes":""},"categories":[1],"tags":[],"class_list":["post-10007","post","type-post","status-publish","format-standard","has-post-thumbnail","hentry","category-articulos"],"_links":{"self":[{"href":"https:\/\/ymcacolombia.org\/en\/wp-json\/wp\/v2\/posts\/10007","targetHints":{"allow":["GET"]}}],"collection":[{"href":"https:\/\/ymcacolombia.org\/en\/wp-json\/wp\/v2\/posts"}],"about":[{"href":"https:\/\/ymcacolombia.org\/en\/wp-json\/wp\/v2\/types\/post"}],"author":[{"embeddable":true,"href":"https:\/\/ymcacolombia.org\/en\/wp-json\/wp\/v2\/users\/2"}],"replies":[{"embeddable":true,"href":"https:\/\/ymcacolombia.org\/en\/wp-json\/wp\/v2\/comments?post=10007"}],"version-history":[{"count":9,"href":"https:\/\/ymcacolombia.org\/en\/wp-json\/wp\/v2\/posts\/10007\/revisions"}],"predecessor-version":[{"id":11695,"href":"https:\/\/ymcacolombia.org\/en\/wp-json\/wp\/v2\/posts\/10007\/revisions\/11695"}],"wp:featuredmedia":[{"embeddable":true,"href":"https:\/\/ymcacolombia.org\/en\/wp-json\/wp\/v2\/media\/10032"}],"wp:attachment":[{"href":"https:\/\/ymcacolombia.org\/en\/wp-json\/wp\/v2\/media?parent=10007"}],"wp:term":[{"taxonomy":"category","embeddable":true,"href":"https:\/\/ymcacolombia.org\/en\/wp-json\/wp\/v2\/categories?post=10007"},{"taxonomy":"post_tag","embeddable":true,"href":"https:\/\/ymcacolombia.org\/en\/wp-json\/wp\/v2\/tags?post=10007"}],"curies":[{"name":"wp","href":"https:\/\/api.w.org\/{rel}","templated":true}]}}